

{"id":55527,"date":"2021-12-02T13:00:00","date_gmt":"2021-12-02T13:00:00","guid":{"rendered":"https:\/\/www.zinpro.com\/news\/zinpro-corporation-named-2021-employer-of-the-year-by-minnesota-chapter-of-national-alliance-on-mental-illness-nami\/"},"modified":"2023-06-07T21:27:05","modified_gmt":"2023-06-07T21:27:05","slug":"zinpro-corporation-named-2021-employer-of-the-year-by-minnesota-chapter-of-national-alliance-on-mental-illness-nami","status":"publish","type":"news","link":"https:\/\/www.zinpro.com\/pt\/news\/zinpro-corporation-named-2021-employer-of-the-year-by-minnesota-chapter-of-national-alliance-on-mental-illness-nami\/","title":{"rendered":"Zinpro Corporation \u00e9 nomeada a Empregadora do Ano de 2021 pelo Cap\u00edtulo de Minnesota da Alian\u00e7a Nacional contra Doen\u00e7as Mentais (NAMI)"},"content":{"rendered":"<p><em>O compromisso cont\u00ednuo da empresa com a sa\u00fade e o bem-estar geral dos funcion\u00e1rios est\u00e1 alinhado com sua miss\u00e3o e seus valores<\/em><\/p>\n\n\n\n<p><strong>EDEN PRAIRIE, Minnesota - 2 de dezembro de 2021<\/strong> - A Zinpro Corporation, fornecedora l\u00edder de solu\u00e7\u00f5es de nutri\u00e7\u00e3o animal, recebeu o pr\u00eamio de Empregador do Ano da se\u00e7\u00e3o de Minnesota da National Alliance on Mental Illness (NAMI) em novembro, encerrando um ano repleto de educa\u00e7\u00e3o para seus funcion\u00e1rios.<\/p>\n\n\n\n<div class=\"wp-block-columns is-layout-flex wp-container-core-columns-is-layout-9d6595d7 wp-block-columns-is-layout-flex\">\n<div class=\"wp-block-column is-layout-flow wp-block-column-is-layout-flow\" style=\"flex-basis:66.66%\">\n<p>\"A pandemia global criou novas press\u00f5es e estresses para todos n\u00f3s, mas muitas pessoas n\u00e3o sabem a quem recorrer para obter ajuda\", disse o presidente e CEO da Zinpro, Rob Sheffer. \"Somos gratos pelos incr\u00edveis recursos de aprendizagem e pela parceria que recebemos da NAMI, que nos ajudam a atender nossa equipe global, aumentando a conscientiza\u00e7\u00e3o e fornecendo educa\u00e7\u00e3o sobre sa\u00fade mental.\"<\/p>\n\n\n\n<p>Sheffer observa que, como a miss\u00e3o da Zinpro \u00e9 melhorar a sa\u00fade e o bem-estar dos animais e das pessoas, o foco no bem-estar mental \u00e9 um ajuste natural. \"Para muitos de n\u00f3s no setor agr\u00edcola, falar abertamente sobre sa\u00fade mental pode parecer um pouco desconfort\u00e1vel\", diz ele. \"Gra\u00e7as ao apoio de nossos propriet\u00e1rios, continuaremos a trabalhar para eliminar o estigma associado a falar sobre doen\u00e7as mentais, para que possamos estar presentes para nossa equipe, nossas fam\u00edlias e nossas comunidades quando elas mais precisarem.\"<\/p>\n<\/div>\n\n\n\n<div class=\"wp-block-column is-vertically-aligned-center is-layout-flow wp-block-column-is-layout-flow\" style=\"flex-basis:33.33%\">\n<p> <\/p>\n\n\n\n<figure class=\"wp-block-image size-full\"><img loading=\"lazy\" decoding=\"async\" width=\"300\" height=\"300\" src=\"http:\/\/www.zinpro.com\/wp-content\/uploads\/2021\/12\/NAMI2021EmployeroftheYear-2.png\" alt=\"\" class=\"wp-image-55546\" srcset=\"https:\/\/www.zinpro.com\/wp-content\/uploads\/2021\/12\/NAMI2021EmployeroftheYear-2.png 300w, https:\/\/www.zinpro.com\/wp-content\/uploads\/2021\/12\/NAMI2021EmployeroftheYear-2-150x150.png 150w, https:\/\/www.zinpro.com\/wp-content\/uploads\/2021\/12\/NAMI2021EmployeroftheYear-2-12x12.png 12w\" sizes=\"auto, (max-width: 300px) 100vw, 300px\" \/><\/figure>\n<\/div>\n<\/div>\n\n\n\n<p>No \u00faltimo ano, a Zinpro se envolveu em uma campanha de educa\u00e7\u00e3o voltada para os funcion\u00e1rios, oferecendo uma s\u00e9rie de webinars e recursos on-line. Al\u00e9m disso, a Zinpro equipou sua equipe de vendas com recursos de sa\u00fade mental espec\u00edficos para agricultores, que historicamente lidam com press\u00f5es extremas causadas por secas, inunda\u00e7\u00f5es e din\u00e2micas de mercado flutuantes.<\/p>\n\n\n\n<p>\"Mesmo antes da pandemia, a Zinpro demonstrou um forte compromisso com a sa\u00fade mental de seus funcion\u00e1rios e da comunidade agr\u00edcola em geral\", disse a diretora executiva da NAMI Minnesota, Sue Abderholden. \"Eles adotaram uma abordagem sistem\u00e1tica para aumentar a conscientiza\u00e7\u00e3o sobre a sa\u00fade mental, oferecer educa\u00e7\u00e3o sobre doen\u00e7as mentais e garantir o acesso aos recursos necess\u00e1rios. A NAMI Minnesota apreciou a parceria e aplaude o trabalho da Zinpro nessa \u00e1rea.\"<\/p>\n\n\n\n<p><strong>Se voc\u00ea precisar de ajuda:<\/strong><br>Nos EUA, ligue para a National Suicide Prevention Lifeline: 1-800-273-TALK (8255)<\/p>\n\n\n\n<p>A Lifeline oferece suporte gratuito e confidencial 24 horas por dia, 7 dias por semana, para pessoas em dificuldades, recursos de preven\u00e7\u00e3o e crise para voc\u00ea ou seus entes queridos e pr\u00e1ticas recomendadas para profissionais.<\/p>\n\n\n\n<p><strong>Sobre a NAMI Minnesota<\/strong><br>A miss\u00e3o da NAMI Minnesota \u00e9 defender a justi\u00e7a, a dignidade e o respeito para todos os habitantes de Minnesota afetados por doen\u00e7as mentais. Por meio da educa\u00e7\u00e3o, do apoio e da defesa de direitos, a NAMI Minnesota persegue suas metas para efetuar mudan\u00e7as positivas no sistema de sa\u00fade mental e aumentar a compreens\u00e3o p\u00fablica e profissional das doen\u00e7as mentais.<\/p>\n\n\n\n<p>Em 1976, as sementes da NAMI Minnesota foram plantadas quando um grupo de pais se organizou contra o fechamento do Hastings State Hospital. Eles queriam garantir que o dinheiro economizado com o fechamento do hospital fosse usado para financiar servi\u00e7os de sa\u00fade mental baseados na comunidade. Eles foram bem-sucedidos na cria\u00e7\u00e3o do primeiro programa de sa\u00fade mental comunit\u00e1rio financiado pelo estado, chamado Sharing Life in the Community (Compartilhando a vida na comunidade). A NAMI Minnesota foi formalmente organizada em 1977 (ent\u00e3o chamada de Mental Health Advocates Coalition), e representantes participaram de uma reuni\u00e3o em Madison, onde a organiza\u00e7\u00e3o nacional foi formada em 1979. Desde ent\u00e3o, a NAMI Minnesota cresceu e se tornou a maior organiza\u00e7\u00e3o de defesa da sa\u00fade mental de Minnesota. A NAMI Minnesota desenvolveu um s\u00f3lido hist\u00f3rico de fornecimento de educa\u00e7\u00e3o, apoio e defesa de direitos.<\/p>\n\n\n\n<p>Hoje, a NAMI \u00e9 uma alian\u00e7a de mais de 600 afiliadas locais e 48 organiza\u00e7\u00f5es estaduais que trabalham em sua comunidade para aumentar a conscientiza\u00e7\u00e3o e oferecer apoio e educa\u00e7\u00e3o que antes n\u00e3o estavam dispon\u00edveis para os necessitados.<\/p>\n\n\n\n<p>Visite o site da NAMI Minnesota para obter mais informa\u00e7\u00f5es ou para encontrar uma se\u00e7\u00e3o perto de voc\u00ea: <a href=\"https:\/\/namimn.org\/\" target=\"_blank\" rel=\"noreferrer noopener\">https:\/\/namimn.org\/<\/a><\/p>\n\n\n\n<p><\/p>","protected":false},"excerpt":{"rendered":"<p><em>Company\u2019s ongoing commitment to employees\u2019 overall health and wellness aligns with its mission and values<\/em><\/p>\n<p><strong>EDEN PRAIRIE, Minn. \u2013 December 2, 2021<\/strong> \u2013 Zinpro Corporation, the [&#8230;]<\/p>\n","protected":false},"author":8,"template":"","class_list":["post-55527","news","type-news","status-publish","hentry"],"acf":[],"yoast_head":"<!-- This site is optimized with the Yoast SEO Premium plugin v27.4 (Yoast SEO v27.4) - https:\/\/yoast.com\/product\/yoast-seo-premium-wordpress\/ -->\n<title>Zinpro Corporation Named 2021 Employer of the Year by Minnesota Chapter of National Alliance on Mental Illness (NAMI) &#8211; Zinpro\u00ae<\/title>\n<meta name=\"robots\" content=\"index, follow, max-snippet:-1, max-image-preview:large, max-video-preview:-1\" \/>\n<link rel=\"canonical\" href=\"https:\/\/www.zinpro.com\/pt\/news\/zinpro-corporation-named-2021-employer-of-the-year-by-minnesota-chapter-of-national-alliance-on-mental-illness-nami\/\" \/>\n<meta property=\"og:locale\" content=\"pt_BR\" \/>\n<meta property=\"og:type\" content=\"article\" \/>\n<meta property=\"og:title\" content=\"Zinpro Corporation Named 2021 Employer of the Year by Minnesota Chapter of National Alliance on Mental Illness (NAMI)\" \/>\n<meta property=\"og:description\" content=\"Company\u2019s ongoing commitment to employees\u2019 overall health and wellness aligns with its mission and values  EDEN PRAIRIE, Minn. \u2013 December 2, 2021 \u2013 Zinpro Corporation, the [...]\" \/>\n<meta property=\"og:url\" content=\"https:\/\/www.zinpro.com\/pt\/news\/zinpro-corporation-named-2021-employer-of-the-year-by-minnesota-chapter-of-national-alliance-on-mental-illness-nami\/\" \/>\n<meta property=\"og:site_name\" content=\"Zinpro\u00ae\" \/>\n<meta property=\"article:publisher\" content=\"https:\/\/www.facebook.com\/ZinproCorp\/\" \/>\n<meta property=\"article:modified_time\" content=\"2023-06-07T21:27:05+00:00\" \/>\n<meta property=\"og:image\" content=\"http:\/\/www.zinpro.com\/wp-content\/uploads\/2021\/12\/NAMI2021EmployeroftheYear-2.png\" \/>\n<meta name=\"twitter:card\" content=\"summary_large_image\" \/>\n<meta name=\"twitter:site\" content=\"@wdolezal\" \/>\n<meta name=\"twitter:label1\" content=\"Est. tempo de leitura\" \/>\n\t<meta name=\"twitter:data1\" content=\"3 minutos\" \/>\n<script type=\"application\/ld+json\" class=\"yoast-schema-graph\">{\"@context\":\"https:\\\/\\\/schema.org\",\"@graph\":[{\"@type\":\"WebPage\",\"@id\":\"https:\\\/\\\/www.zinpro.com\\\/news\\\/zinpro-corporation-named-2021-employer-of-the-year-by-minnesota-chapter-of-national-alliance-on-mental-illness-nami\\\/\",\"url\":\"https:\\\/\\\/www.zinpro.com\\\/news\\\/zinpro-corporation-named-2021-employer-of-the-year-by-minnesota-chapter-of-national-alliance-on-mental-illness-nami\\\/\",\"name\":\"Zinpro Corporation Named 2021 Employer of the Year by Minnesota Chapter of National Alliance on Mental Illness (NAMI) &#8211; Zinpro\u00ae\",\"isPartOf\":{\"@id\":\"https:\\\/\\\/www.zinpro.com\\\/#website\"},\"primaryImageOfPage\":{\"@id\":\"https:\\\/\\\/www.zinpro.com\\\/news\\\/zinpro-corporation-named-2021-employer-of-the-year-by-minnesota-chapter-of-national-alliance-on-mental-illness-nami\\\/#primaryimage\"},\"image\":{\"@id\":\"https:\\\/\\\/www.zinpro.com\\\/news\\\/zinpro-corporation-named-2021-employer-of-the-year-by-minnesota-chapter-of-national-alliance-on-mental-illness-nami\\\/#primaryimage\"},\"thumbnailUrl\":\"http:\\\/\\\/www.zinpro.com\\\/wp-content\\\/uploads\\\/2021\\\/12\\\/NAMI2021EmployeroftheYear-2.png\",\"datePublished\":\"2021-12-02T13:00:00+00:00\",\"dateModified\":\"2023-06-07T21:27:05+00:00\",\"breadcrumb\":{\"@id\":\"https:\\\/\\\/www.zinpro.com\\\/news\\\/zinpro-corporation-named-2021-employer-of-the-year-by-minnesota-chapter-of-national-alliance-on-mental-illness-nami\\\/#breadcrumb\"},\"inLanguage\":\"pt-BR\",\"potentialAction\":[{\"@type\":\"ReadAction\",\"target\":[\"https:\\\/\\\/www.zinpro.com\\\/news\\\/zinpro-corporation-named-2021-employer-of-the-year-by-minnesota-chapter-of-national-alliance-on-mental-illness-nami\\\/\"]}]},{\"@type\":\"ImageObject\",\"inLanguage\":\"pt-BR\",\"@id\":\"https:\\\/\\\/www.zinpro.com\\\/news\\\/zinpro-corporation-named-2021-employer-of-the-year-by-minnesota-chapter-of-national-alliance-on-mental-illness-nami\\\/#primaryimage\",\"url\":\"http:\\\/\\\/www.zinpro.com\\\/wp-content\\\/uploads\\\/2021\\\/12\\\/NAMI2021EmployeroftheYear-2.png\",\"contentUrl\":\"http:\\\/\\\/www.zinpro.com\\\/wp-content\\\/uploads\\\/2021\\\/12\\\/NAMI2021EmployeroftheYear-2.png\"},{\"@type\":\"BreadcrumbList\",\"@id\":\"https:\\\/\\\/www.zinpro.com\\\/news\\\/zinpro-corporation-named-2021-employer-of-the-year-by-minnesota-chapter-of-national-alliance-on-mental-illness-nami\\\/#breadcrumb\",\"itemListElement\":[{\"@type\":\"ListItem\",\"position\":1,\"name\":\"News\",\"item\":\"https:\\\/\\\/www.zinpro.com\\\/news\\\/\"},{\"@type\":\"ListItem\",\"position\":2,\"name\":\"Zinpro Corporation Named 2021 Employer of the Year by Minnesota Chapter of National Alliance on Mental Illness (NAMI)\"}]},{\"@type\":\"WebSite\",\"@id\":\"https:\\\/\\\/www.zinpro.com\\\/#website\",\"url\":\"https:\\\/\\\/www.zinpro.com\\\/\",\"name\":\"Zinpro\u00ae\",\"description\":\"\",\"potentialAction\":[{\"@type\":\"SearchAction\",\"target\":{\"@type\":\"EntryPoint\",\"urlTemplate\":\"https:\\\/\\\/www.zinpro.com\\\/?s={search_term_string}\"},\"query-input\":{\"@type\":\"PropertyValueSpecification\",\"valueRequired\":true,\"valueName\":\"search_term_string\"}}],\"inLanguage\":\"pt-BR\"}]}<\/script>\n<!-- \/ Yoast SEO Premium plugin. -->","yoast_head_json":{"title":"Zinpro Corporation \u00e9 nomeada Empregadora do Ano de 2021 pelo Cap\u00edtulo de Minnesota da Alian\u00e7a Nacional contra Doen\u00e7as Mentais (NAMI) - Zinpro\u00ae","robots":{"index":"index","follow":"follow","max-snippet":"max-snippet:-1","max-image-preview":"max-image-preview:large","max-video-preview":"max-video-preview:-1"},"canonical":"https:\/\/www.zinpro.com\/pt\/news\/zinpro-corporation-named-2021-employer-of-the-year-by-minnesota-chapter-of-national-alliance-on-mental-illness-nami\/","og_locale":"pt_BR","og_type":"article","og_title":"Zinpro Corporation Named 2021 Employer of the Year by Minnesota Chapter of National Alliance on Mental Illness (NAMI)","og_description":"Company\u2019s ongoing commitment to employees\u2019 overall health and wellness aligns with its mission and values  EDEN PRAIRIE, Minn. \u2013 December 2, 2021 \u2013 Zinpro Corporation, the [...]","og_url":"https:\/\/www.zinpro.com\/pt\/news\/zinpro-corporation-named-2021-employer-of-the-year-by-minnesota-chapter-of-national-alliance-on-mental-illness-nami\/","og_site_name":"Zinpro\u00ae","article_publisher":"https:\/\/www.facebook.com\/ZinproCorp\/","article_modified_time":"2023-06-07T21:27:05+00:00","og_image":[{"url":"http:\/\/www.zinpro.com\/wp-content\/uploads\/2021\/12\/NAMI2021EmployeroftheYear-2.png","type":"","width":"","height":""}],"twitter_card":"summary_large_image","twitter_site":"@wdolezal","twitter_misc":{"Est. tempo de leitura":"3 minutos"},"schema":{"@context":"https:\/\/schema.org","@graph":[{"@type":"WebPage","@id":"https:\/\/www.zinpro.com\/news\/zinpro-corporation-named-2021-employer-of-the-year-by-minnesota-chapter-of-national-alliance-on-mental-illness-nami\/","url":"https:\/\/www.zinpro.com\/news\/zinpro-corporation-named-2021-employer-of-the-year-by-minnesota-chapter-of-national-alliance-on-mental-illness-nami\/","name":"Zinpro Corporation \u00e9 nomeada Empregadora do Ano de 2021 pelo Cap\u00edtulo de Minnesota da Alian\u00e7a Nacional contra Doen\u00e7as Mentais (NAMI) - Zinpro\u00ae","isPartOf":{"@id":"https:\/\/www.zinpro.com\/#website"},"primaryImageOfPage":{"@id":"https:\/\/www.zinpro.com\/news\/zinpro-corporation-named-2021-employer-of-the-year-by-minnesota-chapter-of-national-alliance-on-mental-illness-nami\/#primaryimage"},"image":{"@id":"https:\/\/www.zinpro.com\/news\/zinpro-corporation-named-2021-employer-of-the-year-by-minnesota-chapter-of-national-alliance-on-mental-illness-nami\/#primaryimage"},"thumbnailUrl":"http:\/\/www.zinpro.com\/wp-content\/uploads\/2021\/12\/NAMI2021EmployeroftheYear-2.png","datePublished":"2021-12-02T13:00:00+00:00","dateModified":"2023-06-07T21:27:05+00:00","breadcrumb":{"@id":"https:\/\/www.zinpro.com\/news\/zinpro-corporation-named-2021-employer-of-the-year-by-minnesota-chapter-of-national-alliance-on-mental-illness-nami\/#breadcrumb"},"inLanguage":"pt-BR","potentialAction":[{"@type":"ReadAction","target":["https:\/\/www.zinpro.com\/news\/zinpro-corporation-named-2021-employer-of-the-year-by-minnesota-chapter-of-national-alliance-on-mental-illness-nami\/"]}]},{"@type":"ImageObject","inLanguage":"pt-BR","@id":"https:\/\/www.zinpro.com\/news\/zinpro-corporation-named-2021-employer-of-the-year-by-minnesota-chapter-of-national-alliance-on-mental-illness-nami\/#primaryimage","url":"http:\/\/www.zinpro.com\/wp-content\/uploads\/2021\/12\/NAMI2021EmployeroftheYear-2.png","contentUrl":"http:\/\/www.zinpro.com\/wp-content\/uploads\/2021\/12\/NAMI2021EmployeroftheYear-2.png"},{"@type":"BreadcrumbList","@id":"https:\/\/www.zinpro.com\/news\/zinpro-corporation-named-2021-employer-of-the-year-by-minnesota-chapter-of-national-alliance-on-mental-illness-nami\/#breadcrumb","itemListElement":[{"@type":"ListItem","position":1,"name":"News","item":"https:\/\/www.zinpro.com\/news\/"},{"@type":"ListItem","position":2,"name":"Zinpro Corporation Named 2021 Employer of the Year by Minnesota Chapter of National Alliance on Mental Illness (NAMI)"}]},{"@type":"WebSite","@id":"https:\/\/www.zinpro.com\/#website","url":"https:\/\/www.zinpro.com\/","name":"Zinpro","description":"","potentialAction":[{"@type":"SearchAction","target":{"@type":"EntryPoint","urlTemplate":"https:\/\/www.zinpro.com\/?s={search_term_string}"},"query-input":{"@type":"PropertyValueSpecification","valueRequired":true,"valueName":"search_term_string"}}],"inLanguage":"pt-BR"}]}},"spectra_custom_meta":{"_wp_page_template":["default"],"_edit_lock":["1686173226:8"],"_edit_last":["8"],"ss_social_share_disable":[""],"_yoast_wpseo_content_score":["30"],"_yoast_wpseo_estimated-reading-time-minutes":["3"],"_yoast_wpseo_wordproof_timestamp":[""],"_eb_reusable_block_ids":["a:0:{}"],"_uag_css_file_name":["uag-css-55527.css"],"_uag_page_assets":["a:9:{s:3:\"css\";s:0:\"\";s:2:\"js\";s:0:\"\";s:18:\"current_block_list\";a:14:{i:0;s:14:\"core\/paragraph\";i:1;s:12:\"core\/columns\";i:2;s:11:\"core\/column\";i:3;s:10:\"core\/image\";i:4;s:11:\"core\/search\";i:5;s:10:\"core\/group\";i:6;s:12:\"core\/heading\";i:7;s:17:\"core\/latest-posts\";i:8;s:20:\"core\/latest-comments\";i:9;s:13:\"core\/archives\";i:10;s:15:\"core\/categories\";i:11;s:17:\"core\/social-links\";i:12;s:16:\"core\/social-link\";i:13;s:11:\"core\/spacer\";}s:8:\"uag_flag\";b:0;s:11:\"uag_version\";s:10:\"1777426717\";s:6:\"gfonts\";a:0:{}s:10:\"gfonts_url\";s:0:\"\";s:12:\"gfonts_files\";a:0:{}s:14:\"uag_faq_layout\";b:0;}"]},"uagb_featured_image_src":[],"uagb_author_info":{"display_name":"Matt Wolleat","author_link":"https:\/\/www.zinpro.com\/pt\/resource-center\/author\/mwolleatzinpro-com\/"},"uagb_comment_info":0,"uagb_excerpt":"Company\u2019s ongoing commitment to employees\u2019 overall health and wellness aligns with its mission and values EDEN PRAIRIE, Minn. \u2013 December 2, 2021 \u2013 Zinpro Corporation, the [...]","_links":{"self":[{"href":"https:\/\/www.zinpro.com\/pt\/wp-json\/wp\/v2\/news\/55527","targetHints":{"allow":["GET"]}}],"collection":[{"href":"https:\/\/www.zinpro.com\/pt\/wp-json\/wp\/v2\/news"}],"about":[{"href":"https:\/\/www.zinpro.com\/pt\/wp-json\/wp\/v2\/types\/news"}],"author":[{"embeddable":true,"href":"https:\/\/www.zinpro.com\/pt\/wp-json\/wp\/v2\/users\/8"}],"version-history":[{"count":0,"href":"https:\/\/www.zinpro.com\/pt\/wp-json\/wp\/v2\/news\/55527\/revisions"}],"wp:attachment":[{"href":"https:\/\/www.zinpro.com\/pt\/wp-json\/wp\/v2\/media?parent=55527"}],"curies":[{"name":"wp","href":"https:\/\/api.w.org\/{rel}","templated":true}]}}