

{"id":55475,"date":"2018-06-05T16:35:00","date_gmt":"2018-06-05T16:35:00","guid":{"rendered":"https:\/\/www.zinpro.com\/news\/zinpro-corporation-names-wendy-bregel-as-global-marketing-director\/"},"modified":"2023-06-07T21:45:42","modified_gmt":"2023-06-07T21:45:42","slug":"zinpro-corporation-names-wendy-bregel-as-global-marketing-director","status":"publish","type":"news","link":"https:\/\/www.zinpro.com\/pt\/news\/zinpro-corporation-names-wendy-bregel-as-global-marketing-director\/","title":{"rendered":"Zinpro Corporation nomeia Wendy Bregel como diretora global de marketing"},"content":{"rendered":"<h5 class=\"wp-block-heading\">Ela lidera as atividades mundiais de marketing e comunica\u00e7\u00e3o da empresa<\/h5>\n\n\n\n<p><strong>EDEN PRAIRIE, Minnesota, 5 de junho de 2018&nbsp;<\/strong>- A Zinpro Corporation anuncia que Wendy Bregel ingressou na empresa como diretora global de marketing. Nessa fun\u00e7\u00e3o, ela lidera a equipe de marketing para desenvolver e implementar estrat\u00e9gias e planos de comunica\u00e7\u00e3o para impulsionar o crescimento das vendas globais e promover a miss\u00e3o corporativa de melhorar o bem-estar e o desempenho dos animais e contribuir para um mundo mais saud\u00e1vel e sustent\u00e1vel. Os membros da equipe de marketing da Zinpro est\u00e3o localizados em quatro continentes e apoiam a Zinpro Performance Minerals<sup>\u00ae<\/sup>&nbsp;clientes e equipes de vendas em mais de 70 pa\u00edses.<\/p>\n\n\n\n<figure class=\"wp-block-image alignleft size-full\"><img loading=\"lazy\" decoding=\"async\" width=\"400\" height=\"400\" src=\"http:\/\/www.zinpro.com\/wp-content\/uploads\/2022\/08\/WendyBregel.jpg\" alt=\"\" class=\"wp-image-266\" srcset=\"https:\/\/www.zinpro.com\/wp-content\/uploads\/2022\/08\/WendyBregel.jpg 400w, https:\/\/www.zinpro.com\/wp-content\/uploads\/2022\/08\/WendyBregel-300x300.jpg 300w, https:\/\/www.zinpro.com\/wp-content\/uploads\/2022\/08\/WendyBregel-150x150.jpg 150w, https:\/\/www.zinpro.com\/wp-content\/uploads\/2022\/08\/WendyBregel-12x12.jpg 12w\" sizes=\"auto, (max-width: 400px) 100vw, 400px\" \/><figcaption class=\"wp-element-caption\"><em>Wendy Bregel<\/em><\/figcaption><\/figure>\n\n\n\n<p>\"Wendy traz uma s\u00f3lida experi\u00eancia em lideran\u00e7a de equipes, com um hist\u00f3rico comprovado de trabalho estrat\u00e9gico e implementa\u00e7\u00e3o t\u00e1tica para melhorar o desempenho corporativo e tamb\u00e9m para desenvolver habilidades de lideran\u00e7a em outras pessoas\", diz Rob Sheffer, diretor de opera\u00e7\u00f5es da Zinpro Corporation. \"Sua experi\u00eancia anterior como l\u00edder em estrat\u00e9gia de marketing e comunica\u00e7\u00f5es ser\u00e1 essencial \u00e0 medida que a Zinpro e sua equipe de marketing continuarem a crescer e se expandir globalmente.\"<\/p>\n\n\n\n<p>Imediatamente antes de ingressar na Zinpro, Bregel trabalhou como diretora de comunica\u00e7\u00f5es de marketing em uma empresa global de tecnologias de \u00e1gua, higiene e energia. Ela ocupou v\u00e1rios outros cargos de marketing de n\u00edvel s\u00eanior ao longo de sua carreira.<\/p>\n\n\n\n<p>Bregel obteve seu mestrado em gest\u00e3o internacional pela University of St. Thomas, em Saint Paul, Minnesota. Mary's University of Minnesota, em Winona, com especializa\u00e7\u00e3o dupla em administra\u00e7\u00e3o de empresas e espanhol.<\/p>\n\n\n\n<p>Como l\u00edder do setor em<a href=\"https:\/\/www.zinpro.com\/pt\/performance-solutions\/we-know-trace-minerals\/\" target=\"_blank\" rel=\"noreferrer noopener\">&nbsp;mineral residual<\/a>&nbsp;A Zinpro tem o compromisso de fornecer nutri\u00e7\u00e3o para gado, aves e aquicultura,<a href=\"https:\/\/test-zinpro-wp.pantheonsite.io\/products\" target=\"_blank\" rel=\"noreferrer noopener\">&nbsp;produtos&nbsp;<\/a>e ferramentas educacionais necess\u00e1rias para ajudar os clientes a melhorar o desempenho e a lucratividade de suas opera\u00e7\u00f5es.<\/p>","protected":false},"excerpt":{"rendered":"<p>She leads the company\u2019s worldwide marketing and communications activities<\/p>\n<p><strong>EDEN PRAIRIE, Minn., June 5, 2018&nbsp;<\/strong>\u2013 Zinpro Corporation announces that Wendy Bregel has joined the company as [&#8230;]<\/p>\n","protected":false},"author":8,"template":"","class_list":["post-55475","news","type-news","status-publish","has-post-thumbnail","hentry"],"acf":[],"yoast_head":"<!-- This site is optimized with the Yoast SEO Premium plugin v27.4 (Yoast SEO v27.4) - https:\/\/yoast.com\/product\/yoast-seo-premium-wordpress\/ -->\n<title>Zinpro Corporation Names Wendy Bregel as Global Marketing Director &#8211; Zinpro\u00ae<\/title>\n<meta name=\"robots\" content=\"index, follow, max-snippet:-1, max-image-preview:large, max-video-preview:-1\" \/>\n<link rel=\"canonical\" href=\"https:\/\/www.zinpro.com\/pt\/news\/zinpro-corporation-names-wendy-bregel-as-global-marketing-director\/\" \/>\n<meta property=\"og:locale\" content=\"pt_BR\" \/>\n<meta property=\"og:type\" content=\"article\" \/>\n<meta property=\"og:title\" content=\"Zinpro Corporation Names Wendy Bregel as Global Marketing Director\" \/>\n<meta property=\"og:description\" content=\"She leads the company\u2019s worldwide marketing and communications activities  EDEN PRAIRIE, Minn., June 5, 2018&nbsp;\u2013 Zinpro Corporation announces that Wendy Bregel has joined the company as [...]\" \/>\n<meta property=\"og:url\" content=\"https:\/\/www.zinpro.com\/pt\/news\/zinpro-corporation-names-wendy-bregel-as-global-marketing-director\/\" \/>\n<meta property=\"og:site_name\" content=\"Zinpro\u00ae\" \/>\n<meta property=\"article:publisher\" content=\"https:\/\/www.facebook.com\/ZinproCorp\/\" \/>\n<meta property=\"article:modified_time\" content=\"2023-06-07T21:45:42+00:00\" \/>\n<meta property=\"og:image\" content=\"https:\/\/www.zinpro.com\/wp-content\/uploads\/2023\/06\/WendyBregel-1.jpg\" \/>\n\t<meta property=\"og:image:width\" content=\"125\" \/>\n\t<meta property=\"og:image:height\" content=\"175\" \/>\n\t<meta property=\"og:image:type\" content=\"image\/jpeg\" \/>\n<meta name=\"twitter:card\" content=\"summary_large_image\" \/>\n<meta name=\"twitter:site\" content=\"@wdolezal\" \/>\n<meta name=\"twitter:label1\" content=\"Est. tempo de leitura\" \/>\n\t<meta name=\"twitter:data1\" content=\"2 minutos\" \/>\n<script type=\"application\/ld+json\" class=\"yoast-schema-graph\">{\"@context\":\"https:\\\/\\\/schema.org\",\"@graph\":[{\"@type\":\"WebPage\",\"@id\":\"https:\\\/\\\/www.zinpro.com\\\/news\\\/zinpro-corporation-names-wendy-bregel-as-global-marketing-director\\\/\",\"url\":\"https:\\\/\\\/www.zinpro.com\\\/news\\\/zinpro-corporation-names-wendy-bregel-as-global-marketing-director\\\/\",\"name\":\"Zinpro Corporation Names Wendy Bregel as Global Marketing Director &#8211; Zinpro\u00ae\",\"isPartOf\":{\"@id\":\"https:\\\/\\\/www.zinpro.com\\\/#website\"},\"primaryImageOfPage\":{\"@id\":\"https:\\\/\\\/www.zinpro.com\\\/news\\\/zinpro-corporation-names-wendy-bregel-as-global-marketing-director\\\/#primaryimage\"},\"image\":{\"@id\":\"https:\\\/\\\/www.zinpro.com\\\/news\\\/zinpro-corporation-names-wendy-bregel-as-global-marketing-director\\\/#primaryimage\"},\"thumbnailUrl\":\"https:\\\/\\\/www.zinpro.com\\\/wp-content\\\/uploads\\\/2023\\\/06\\\/WendyBregel-1.jpg\",\"datePublished\":\"2018-06-05T16:35:00+00:00\",\"dateModified\":\"2023-06-07T21:45:42+00:00\",\"breadcrumb\":{\"@id\":\"https:\\\/\\\/www.zinpro.com\\\/news\\\/zinpro-corporation-names-wendy-bregel-as-global-marketing-director\\\/#breadcrumb\"},\"inLanguage\":\"pt-BR\",\"potentialAction\":[{\"@type\":\"ReadAction\",\"target\":[\"https:\\\/\\\/www.zinpro.com\\\/news\\\/zinpro-corporation-names-wendy-bregel-as-global-marketing-director\\\/\"]}]},{\"@type\":\"ImageObject\",\"inLanguage\":\"pt-BR\",\"@id\":\"https:\\\/\\\/www.zinpro.com\\\/news\\\/zinpro-corporation-names-wendy-bregel-as-global-marketing-director\\\/#primaryimage\",\"url\":\"https:\\\/\\\/www.zinpro.com\\\/wp-content\\\/uploads\\\/2023\\\/06\\\/WendyBregel-1.jpg\",\"contentUrl\":\"https:\\\/\\\/www.zinpro.com\\\/wp-content\\\/uploads\\\/2023\\\/06\\\/WendyBregel-1.jpg\",\"width\":125,\"height\":175},{\"@type\":\"BreadcrumbList\",\"@id\":\"https:\\\/\\\/www.zinpro.com\\\/news\\\/zinpro-corporation-names-wendy-bregel-as-global-marketing-director\\\/#breadcrumb\",\"itemListElement\":[{\"@type\":\"ListItem\",\"position\":1,\"name\":\"News\",\"item\":\"https:\\\/\\\/www.zinpro.com\\\/news\\\/\"},{\"@type\":\"ListItem\",\"position\":2,\"name\":\"Zinpro Corporation Names Wendy Bregel as Global Marketing Director\"}]},{\"@type\":\"WebSite\",\"@id\":\"https:\\\/\\\/www.zinpro.com\\\/#website\",\"url\":\"https:\\\/\\\/www.zinpro.com\\\/\",\"name\":\"Zinpro\u00ae\",\"description\":\"\",\"potentialAction\":[{\"@type\":\"SearchAction\",\"target\":{\"@type\":\"EntryPoint\",\"urlTemplate\":\"https:\\\/\\\/www.zinpro.com\\\/?s={search_term_string}\"},\"query-input\":{\"@type\":\"PropertyValueSpecification\",\"valueRequired\":true,\"valueName\":\"search_term_string\"}}],\"inLanguage\":\"pt-BR\"}]}<\/script>\n<!-- \/ Yoast SEO Premium plugin. -->","yoast_head_json":{"title":"A Zinpro Corporation nomeia Wendy Bregel como Diretora de Marketing Global \u2013 Zinpro\u00ae","robots":{"index":"index","follow":"follow","max-snippet":"max-snippet:-1","max-image-preview":"max-image-preview:large","max-video-preview":"max-video-preview:-1"},"canonical":"https:\/\/www.zinpro.com\/pt\/news\/zinpro-corporation-names-wendy-bregel-as-global-marketing-director\/","og_locale":"pt_BR","og_type":"article","og_title":"Zinpro Corporation Names Wendy Bregel as Global Marketing Director","og_description":"She leads the company\u2019s worldwide marketing and communications activities  EDEN PRAIRIE, Minn., June 5, 2018&nbsp;\u2013 Zinpro Corporation announces that Wendy Bregel has joined the company as [...]","og_url":"https:\/\/www.zinpro.com\/pt\/news\/zinpro-corporation-names-wendy-bregel-as-global-marketing-director\/","og_site_name":"Zinpro\u00ae","article_publisher":"https:\/\/www.facebook.com\/ZinproCorp\/","article_modified_time":"2023-06-07T21:45:42+00:00","og_image":[{"width":125,"height":175,"url":"https:\/\/www.zinpro.com\/wp-content\/uploads\/2023\/06\/WendyBregel-1.jpg","type":"image\/jpeg"}],"twitter_card":"summary_large_image","twitter_site":"@wdolezal","twitter_misc":{"Est. tempo de leitura":"2 minutos"},"schema":{"@context":"https:\/\/schema.org","@graph":[{"@type":"WebPage","@id":"https:\/\/www.zinpro.com\/news\/zinpro-corporation-names-wendy-bregel-as-global-marketing-director\/","url":"https:\/\/www.zinpro.com\/news\/zinpro-corporation-names-wendy-bregel-as-global-marketing-director\/","name":"A Zinpro Corporation nomeia Wendy Bregel como Diretora de Marketing Global \u2013 Zinpro\u00ae","isPartOf":{"@id":"https:\/\/www.zinpro.com\/#website"},"primaryImageOfPage":{"@id":"https:\/\/www.zinpro.com\/news\/zinpro-corporation-names-wendy-bregel-as-global-marketing-director\/#primaryimage"},"image":{"@id":"https:\/\/www.zinpro.com\/news\/zinpro-corporation-names-wendy-bregel-as-global-marketing-director\/#primaryimage"},"thumbnailUrl":"https:\/\/www.zinpro.com\/wp-content\/uploads\/2023\/06\/WendyBregel-1.jpg","datePublished":"2018-06-05T16:35:00+00:00","dateModified":"2023-06-07T21:45:42+00:00","breadcrumb":{"@id":"https:\/\/www.zinpro.com\/news\/zinpro-corporation-names-wendy-bregel-as-global-marketing-director\/#breadcrumb"},"inLanguage":"pt-BR","potentialAction":[{"@type":"ReadAction","target":["https:\/\/www.zinpro.com\/news\/zinpro-corporation-names-wendy-bregel-as-global-marketing-director\/"]}]},{"@type":"ImageObject","inLanguage":"pt-BR","@id":"https:\/\/www.zinpro.com\/news\/zinpro-corporation-names-wendy-bregel-as-global-marketing-director\/#primaryimage","url":"https:\/\/www.zinpro.com\/wp-content\/uploads\/2023\/06\/WendyBregel-1.jpg","contentUrl":"https:\/\/www.zinpro.com\/wp-content\/uploads\/2023\/06\/WendyBregel-1.jpg","width":125,"height":175},{"@type":"BreadcrumbList","@id":"https:\/\/www.zinpro.com\/news\/zinpro-corporation-names-wendy-bregel-as-global-marketing-director\/#breadcrumb","itemListElement":[{"@type":"ListItem","position":1,"name":"News","item":"https:\/\/www.zinpro.com\/news\/"},{"@type":"ListItem","position":2,"name":"Zinpro Corporation Names Wendy Bregel as Global Marketing Director"}]},{"@type":"WebSite","@id":"https:\/\/www.zinpro.com\/#website","url":"https:\/\/www.zinpro.com\/","name":"Zinpro","description":"","potentialAction":[{"@type":"SearchAction","target":{"@type":"EntryPoint","urlTemplate":"https:\/\/www.zinpro.com\/?s={search_term_string}"},"query-input":{"@type":"PropertyValueSpecification","valueRequired":true,"valueName":"search_term_string"}}],"inLanguage":"pt-BR"}]}},"spectra_custom_meta":{"_wp_page_template":["default"],"_thumbnail_id":["55476"],"_edit_lock":["1686174343:8"],"_edit_last":["8"],"ss_social_share_disable":[""],"_yoast_wpseo_content_score":["90"],"_yoast_wpseo_estimated-reading-time-minutes":["2"],"_yoast_wpseo_wordproof_timestamp":[""],"_eb_reusable_block_ids":["a:0:{}"],"ss_ss_click_share_count_linkedin":["1"],"ss_total_share_count":["0"],"_uag_css_file_name":["uag-css-55475.css"],"_uag_page_assets":["a:9:{s:3:\"css\";s:260:\".uag-blocks-common-selector{z-index:var(--z-index-desktop) !important}@media(max-width: 976px){.uag-blocks-common-selector{z-index:var(--z-index-tablet) !important}}@media(max-width: 767px){.uag-blocks-common-selector{z-index:var(--z-index-mobile) !important}}\";s:2:\"js\";s:0:\"\";s:18:\"current_block_list\";a:12:{i:0;s:12:\"core\/heading\";i:1;s:14:\"core\/paragraph\";i:2;s:10:\"core\/image\";i:3;s:11:\"core\/search\";i:4;s:10:\"core\/group\";i:5;s:17:\"core\/latest-posts\";i:6;s:20:\"core\/latest-comments\";i:7;s:13:\"core\/archives\";i:8;s:15:\"core\/categories\";i:9;s:17:\"core\/social-links\";i:10;s:16:\"core\/social-link\";i:11;s:11:\"core\/spacer\";}s:8:\"uag_flag\";b:0;s:11:\"uag_version\";s:10:\"1777183694\";s:6:\"gfonts\";a:0:{}s:10:\"gfonts_url\";s:0:\"\";s:12:\"gfonts_files\";a:0:{}s:14:\"uag_faq_layout\";b:0;}"]},"uagb_featured_image_src":[],"uagb_author_info":{"display_name":"Matt Wolleat","author_link":"https:\/\/www.zinpro.com\/pt\/resource-center\/author\/mwolleatzinpro-com\/"},"uagb_comment_info":0,"uagb_excerpt":"She leads the company\u2019s worldwide marketing and communications activities EDEN PRAIRIE, Minn., June 5, 2018&nbsp;\u2013 Zinpro Corporation announces that Wendy Bregel has joined the company as [...]","_links":{"self":[{"href":"https:\/\/www.zinpro.com\/pt\/wp-json\/wp\/v2\/news\/55475","targetHints":{"allow":["GET"]}}],"collection":[{"href":"https:\/\/www.zinpro.com\/pt\/wp-json\/wp\/v2\/news"}],"about":[{"href":"https:\/\/www.zinpro.com\/pt\/wp-json\/wp\/v2\/types\/news"}],"author":[{"embeddable":true,"href":"https:\/\/www.zinpro.com\/pt\/wp-json\/wp\/v2\/users\/8"}],"version-history":[{"count":0,"href":"https:\/\/www.zinpro.com\/pt\/wp-json\/wp\/v2\/news\/55475\/revisions"}],"wp:featuredmedia":[{"embeddable":true,"href":"https:\/\/www.zinpro.com\/pt\/wp-json\/wp\/v2\/media\/55476"}],"wp:attachment":[{"href":"https:\/\/www.zinpro.com\/pt\/wp-json\/wp\/v2\/media?parent=55475"}],"curies":[{"name":"wp","href":"https:\/\/api.w.org\/{rel}","templated":true}]}}