

{"id":59387,"date":"2023-09-21T09:00:00","date_gmt":"2023-09-21T14:00:00","guid":{"rendered":"https:\/\/www.zinpro.com\/?post_type=news&#038;p=59387"},"modified":"2023-10-05T08:38:17","modified_gmt":"2023-10-05T13:38:17","slug":"zinpro-corporation-serves-as-presenting-sponsor-for-2023-namiwalks-minnesota-event","status":"publish","type":"news","link":"https:\/\/www.zinpro.com\/pl\/news\/zinpro-corporation-serves-as-presenting-sponsor-for-2023-namiwalks-minnesota-event\/","title":{"rendered":"Zinpro\u00ae Corporation jest sponsorem prezentuj\u0105cym wydarzenia NAMIWalks Minnesota 2023"},"content":{"rendered":"<p class=\"has-text-align-center\"><em>Krok po kroku wywieramy pozytywny wp\u0142yw na zdrowie psychiczne.<\/em>&nbsp;<\/p>\n\n\n\n<p>EDEN PRAIRIE, Minn. - 23 wrze\u015bnia 2023 r. - Zinpro Corporation, wiod\u0105cy na \u015bwiecie innowator i producent wysokowydajnych organicznych minera\u0142\u00f3w \u015bladowych i rozwi\u0105za\u0144 \u017cywieniowych dla zwierz\u0105t, b\u0119dzie sponsorem prezentuj\u0105cym 17. dorocznego NAMIWalks Minnesota w sobot\u0119 23 wrze\u015bnia w Minnehaha Park w Minneapolis.&nbsp;&nbsp;<\/p>\n\n\n\n<p>\"W Zinpro nasza misja koncentruje si\u0119 na zdrowiu i dobrym samopoczuciu, co obejmuje r\u00f3wnie\u017c zdrowie psychiczne\" - powiedzia\u0142 Rob Sheffer, prezes i dyrektor generalny Zinpro. \"Ka\u017cdego roku jestem dumny, \u017ce nasi pracownicy w Minnesocie i na ca\u0142ym \u015bwiecie bior\u0105 udzia\u0142 w tym marszu, demonstruj\u0105c nasze wsparcie dla usuwania pi\u0119tna zwi\u0105zanego z chorobami psychicznymi i dla wa\u017cnej pracy rzeczniczej wykonywanej przez NAMI Minnesota\".&nbsp;<\/p>\n\n\n\n<p>NAMIWalks wspiera wysi\u0142ki NAMI Minnesota (National Alliance on Mental Illness), aby zapewni\u0107 edukacj\u0119, wsparcie i rzecznictwo dla dzieci i doros\u0142ych z chorobami psychicznymi oraz ich rodzin.&nbsp;&nbsp;<\/p>\n\n\n\n<p>\"W tym roku ameryka\u0144ski chirurg generalny wyda\u0142 raport na temat wp\u0142ywu samotno\u015bci i izolacji\" - powiedzia\u0142a Sue Abderholden, dyrektor wykonawczy NAMI Minnesota. \"Programy NAMI \u0142\u0105cz\u0105 ludzi i pozwalaj\u0105 im wiedzie\u0107, \u017ce nie s\u0105 sami. Nikt nie przechodzi przez powa\u017cn\u0105 chorob\u0119 psychiczn\u0105 sam\".&nbsp;<\/p>\n\n\n\n<p>NAMIWalks to transformuj\u0105ca okazja, w kt\u00f3rej uczestnicy zmniejszaj\u0105 stres, buduj\u0105 spo\u0142eczno\u015b\u0107 i znajduj\u0105 lokalne wsparcie i us\u0142ugi, kt\u00f3re mog\u0105 co\u015b zmieni\u0107.&nbsp;<\/p>\n\n\n\n<p><strong>O NAMI:<\/strong>&nbsp;<\/p>\n\n\n\n<p>NAMI Minnesota jest organizacj\u0105 non-profit dzia\u0142aj\u0105c\u0105 na rzecz poprawy \u017cycia dzieci i doros\u0142ych z chorobami psychicznymi oraz ich rodzin poprzez programy edukacyjne, wsparcia i rzecznictwa. Aby dowiedzie\u0107 si\u0119 wi\u0119cej, odwied\u017a <a href=\"https:\/\/namimn.org\/\" target=\"_blank\" rel=\"noreferrer noopener\">namimn.org<\/a>.&nbsp;&nbsp;<\/p>","protected":false},"excerpt":{"rendered":"<p class=\"has-text-align-center\"><em>Making a positive impact on the mental health landscape, one step at a time.<\/em>&nbsp;<\/p>\n<p>EDEN PRAIRIE, Minn. \u2013 September 23, 2023 \u2013 Zinpro Corporation, the [&#8230;]<\/p>\n","protected":false},"author":27,"template":"","class_list":["post-59387","news","type-news","status-publish","hentry"],"acf":[],"yoast_head":"<!-- This site is optimized with the Yoast SEO Premium plugin v27.4 (Yoast SEO v27.4) - https:\/\/yoast.com\/product\/yoast-seo-premium-wordpress\/ -->\n<title>Zinpro\u00ae Corporation Serves as Presenting Sponsor for 2023 NAMIWalks Minnesota Event &#8211; Zinpro\u00ae<\/title>\n<meta name=\"robots\" content=\"index, follow, max-snippet:-1, max-image-preview:large, max-video-preview:-1\" \/>\n<link rel=\"canonical\" href=\"https:\/\/www.zinpro.com\/pl\/news\/zinpro-corporation-serves-as-presenting-sponsor-for-2023-namiwalks-minnesota-event\/\" \/>\n<meta property=\"og:locale\" content=\"pl_PL\" \/>\n<meta property=\"og:type\" content=\"article\" \/>\n<meta property=\"og:title\" content=\"Zinpro\u00ae Corporation Serves as Presenting Sponsor for 2023 NAMIWalks Minnesota Event\" \/>\n<meta property=\"og:description\" content=\"Making a positive impact on the mental health landscape, one step at a time.&nbsp;  EDEN PRAIRIE, Minn. \u2013 September 23, 2023 \u2013 Zinpro Corporation, the [...]\" \/>\n<meta property=\"og:url\" content=\"https:\/\/www.zinpro.com\/pl\/news\/zinpro-corporation-serves-as-presenting-sponsor-for-2023-namiwalks-minnesota-event\/\" \/>\n<meta property=\"og:site_name\" content=\"Zinpro\u00ae\" \/>\n<meta property=\"article:publisher\" content=\"https:\/\/www.facebook.com\/ZinproCorp\/\" \/>\n<meta property=\"article:modified_time\" content=\"2023-10-05T13:38:17+00:00\" \/>\n<meta name=\"twitter:card\" content=\"summary_large_image\" \/>\n<meta name=\"twitter:site\" content=\"@wdolezal\" \/>\n<meta name=\"twitter:label1\" content=\"Szacowany czas czytania\" \/>\n\t<meta name=\"twitter:data1\" content=\"1 minuta\" \/>\n<script type=\"application\/ld+json\" class=\"yoast-schema-graph\">{\"@context\":\"https:\\\/\\\/schema.org\",\"@graph\":[{\"@type\":\"WebPage\",\"@id\":\"https:\\\/\\\/www.zinpro.com\\\/news\\\/zinpro-corporation-serves-as-presenting-sponsor-for-2023-namiwalks-minnesota-event\\\/\",\"url\":\"https:\\\/\\\/www.zinpro.com\\\/news\\\/zinpro-corporation-serves-as-presenting-sponsor-for-2023-namiwalks-minnesota-event\\\/\",\"name\":\"Zinpro\u00ae Corporation Serves as Presenting Sponsor for 2023 NAMIWalks Minnesota Event &#8211; Zinpro\u00ae\",\"isPartOf\":{\"@id\":\"https:\\\/\\\/www.zinpro.com\\\/#website\"},\"datePublished\":\"2023-09-21T14:00:00+00:00\",\"dateModified\":\"2023-10-05T13:38:17+00:00\",\"breadcrumb\":{\"@id\":\"https:\\\/\\\/www.zinpro.com\\\/news\\\/zinpro-corporation-serves-as-presenting-sponsor-for-2023-namiwalks-minnesota-event\\\/#breadcrumb\"},\"inLanguage\":\"pl-PL\",\"potentialAction\":[{\"@type\":\"ReadAction\",\"target\":[\"https:\\\/\\\/www.zinpro.com\\\/news\\\/zinpro-corporation-serves-as-presenting-sponsor-for-2023-namiwalks-minnesota-event\\\/\"]}]},{\"@type\":\"BreadcrumbList\",\"@id\":\"https:\\\/\\\/www.zinpro.com\\\/news\\\/zinpro-corporation-serves-as-presenting-sponsor-for-2023-namiwalks-minnesota-event\\\/#breadcrumb\",\"itemListElement\":[{\"@type\":\"ListItem\",\"position\":1,\"name\":\"News\",\"item\":\"https:\\\/\\\/www.zinpro.com\\\/news\\\/\"},{\"@type\":\"ListItem\",\"position\":2,\"name\":\"Zinpro\u00ae Corporation Serves as Presenting Sponsor for 2023 NAMIWalks Minnesota Event\"}]},{\"@type\":\"WebSite\",\"@id\":\"https:\\\/\\\/www.zinpro.com\\\/#website\",\"url\":\"https:\\\/\\\/www.zinpro.com\\\/\",\"name\":\"Zinpro\u00ae\",\"description\":\"\",\"potentialAction\":[{\"@type\":\"SearchAction\",\"target\":{\"@type\":\"EntryPoint\",\"urlTemplate\":\"https:\\\/\\\/www.zinpro.com\\\/?s={search_term_string}\"},\"query-input\":{\"@type\":\"PropertyValueSpecification\",\"valueRequired\":true,\"valueName\":\"search_term_string\"}}],\"inLanguage\":\"pl-PL\"}]}<\/script>\n<!-- \/ Yoast SEO Premium plugin. -->","yoast_head_json":{"title":"Firma Zinpro\u00ae Corporation jest g\u0142\u00f3wnym sponsorem imprezy NAMIWalks Minnesota 2023 \u2013 Zinpro\u00ae","robots":{"index":"index","follow":"follow","max-snippet":"max-snippet:-1","max-image-preview":"max-image-preview:large","max-video-preview":"max-video-preview:-1"},"canonical":"https:\/\/www.zinpro.com\/pl\/news\/zinpro-corporation-serves-as-presenting-sponsor-for-2023-namiwalks-minnesota-event\/","og_locale":"pl_PL","og_type":"article","og_title":"Zinpro\u00ae Corporation Serves as Presenting Sponsor for 2023 NAMIWalks Minnesota Event","og_description":"Making a positive impact on the mental health landscape, one step at a time.&nbsp;  EDEN PRAIRIE, Minn. \u2013 September 23, 2023 \u2013 Zinpro Corporation, the [...]","og_url":"https:\/\/www.zinpro.com\/pl\/news\/zinpro-corporation-serves-as-presenting-sponsor-for-2023-namiwalks-minnesota-event\/","og_site_name":"Zinpro\u00ae","article_publisher":"https:\/\/www.facebook.com\/ZinproCorp\/","article_modified_time":"2023-10-05T13:38:17+00:00","twitter_card":"summary_large_image","twitter_site":"@wdolezal","twitter_misc":{"Szacowany czas czytania":"1 minuta"},"schema":{"@context":"https:\/\/schema.org","@graph":[{"@type":"WebPage","@id":"https:\/\/www.zinpro.com\/news\/zinpro-corporation-serves-as-presenting-sponsor-for-2023-namiwalks-minnesota-event\/","url":"https:\/\/www.zinpro.com\/news\/zinpro-corporation-serves-as-presenting-sponsor-for-2023-namiwalks-minnesota-event\/","name":"Firma Zinpro\u00ae Corporation jest g\u0142\u00f3wnym sponsorem imprezy NAMIWalks Minnesota 2023 \u2013 Zinpro\u00ae","isPartOf":{"@id":"https:\/\/www.zinpro.com\/#website"},"datePublished":"2023-09-21T14:00:00+00:00","dateModified":"2023-10-05T13:38:17+00:00","breadcrumb":{"@id":"https:\/\/www.zinpro.com\/news\/zinpro-corporation-serves-as-presenting-sponsor-for-2023-namiwalks-minnesota-event\/#breadcrumb"},"inLanguage":"pl-PL","potentialAction":[{"@type":"ReadAction","target":["https:\/\/www.zinpro.com\/news\/zinpro-corporation-serves-as-presenting-sponsor-for-2023-namiwalks-minnesota-event\/"]}]},{"@type":"BreadcrumbList","@id":"https:\/\/www.zinpro.com\/news\/zinpro-corporation-serves-as-presenting-sponsor-for-2023-namiwalks-minnesota-event\/#breadcrumb","itemListElement":[{"@type":"ListItem","position":1,"name":"News","item":"https:\/\/www.zinpro.com\/news\/"},{"@type":"ListItem","position":2,"name":"Zinpro\u00ae Corporation Serves as Presenting Sponsor for 2023 NAMIWalks Minnesota Event"}]},{"@type":"WebSite","@id":"https:\/\/www.zinpro.com\/#website","url":"https:\/\/www.zinpro.com\/","name":"Zinpro\u00ae","description":"","potentialAction":[{"@type":"SearchAction","target":{"@type":"EntryPoint","urlTemplate":"https:\/\/www.zinpro.com\/?s={search_term_string}"},"query-input":{"@type":"PropertyValueSpecification","valueRequired":true,"valueName":"search_term_string"}}],"inLanguage":"pl-PL"}]}},"spectra_custom_meta":{"_edit_lock":["1714410070:14"],"_edit_last":["8"],"ss_social_share_disable":[""],"_eb_reusable_block_ids":["a:0:{}"],"_uag_css_file_name":["uag-css-59387.css"],"_uag_page_assets":["a:9:{s:3:\"css\";s:0:\"\";s:2:\"js\";s:0:\"\";s:18:\"current_block_list\";a:12:{i:0;s:14:\"core\/paragraph\";i:1;s:11:\"core\/search\";i:2;s:10:\"core\/group\";i:3;s:12:\"core\/heading\";i:4;s:17:\"core\/latest-posts\";i:5;s:20:\"core\/latest-comments\";i:6;s:13:\"core\/archives\";i:7;s:15:\"core\/categories\";i:8;s:17:\"core\/social-links\";i:9;s:16:\"core\/social-link\";i:10;s:11:\"core\/spacer\";i:11;s:10:\"core\/image\";}s:8:\"uag_flag\";b:0;s:11:\"uag_version\";s:10:\"1777426717\";s:6:\"gfonts\";a:0:{}s:10:\"gfonts_url\";s:0:\"\";s:12:\"gfonts_files\";a:0:{}s:14:\"uag_faq_layout\";b:0;}"]},"uagb_featured_image_src":[],"uagb_author_info":{"display_name":"Administrator","author_link":"https:\/\/www.zinpro.com\/pl\/resource-center\/author\/administrator\/"},"uagb_comment_info":0,"uagb_excerpt":"Making a positive impact on the mental health landscape, one step at a time.&nbsp; EDEN PRAIRIE, Minn. \u2013 September 23, 2023 \u2013 Zinpro Corporation, the [...]","_links":{"self":[{"href":"https:\/\/www.zinpro.com\/pl\/wp-json\/wp\/v2\/news\/59387","targetHints":{"allow":["GET"]}}],"collection":[{"href":"https:\/\/www.zinpro.com\/pl\/wp-json\/wp\/v2\/news"}],"about":[{"href":"https:\/\/www.zinpro.com\/pl\/wp-json\/wp\/v2\/types\/news"}],"author":[{"embeddable":true,"href":"https:\/\/www.zinpro.com\/pl\/wp-json\/wp\/v2\/users\/27"}],"version-history":[{"count":0,"href":"https:\/\/www.zinpro.com\/pl\/wp-json\/wp\/v2\/news\/59387\/revisions"}],"wp:attachment":[{"href":"https:\/\/www.zinpro.com\/pl\/wp-json\/wp\/v2\/media?parent=59387"}],"curies":[{"name":"wp","href":"https:\/\/api.w.org\/{rel}","templated":true}]}}