

{"id":59387,"date":"2023-09-21T09:00:00","date_gmt":"2023-09-21T14:00:00","guid":{"rendered":"https:\/\/www.zinpro.com\/?post_type=news&#038;p=59387"},"modified":"2023-10-05T08:38:17","modified_gmt":"2023-10-05T13:38:17","slug":"zinpro-corporation-serves-as-presenting-sponsor-for-2023-namiwalks-minnesota-event","status":"publish","type":"news","link":"https:\/\/www.zinpro.com\/fr\/news\/zinpro-corporation-serves-as-presenting-sponsor-for-2023-namiwalks-minnesota-event\/","title":{"rendered":"Zinpro\u00ae Corporation est le sponsor principal de l'\u00e9v\u00e9nement NAMIWalks Minnesota 2023"},"content":{"rendered":"<p class=\"has-text-align-center\"><em>Avoir un impact positif sur le paysage de la sant\u00e9 mentale, un pas apr\u00e8s l'autre.<\/em>&nbsp;<\/p>\n\n\n\n<p>EDEN PRAIRIE, Minnesota - 23 septembre 2023 - Zinpro Corporation, leader mondial de l'innovation et de la fabrication d'oligo-\u00e9l\u00e9ments organiques de haute performance et de solutions de nutrition animale, sera le sponsor principal de la 17e \u00e9dition annuelle des NAMIWalks Minnesota, le samedi 23 septembre, au Minnehaha Park de Minneapolis.&nbsp;&nbsp;<\/p>\n\n\n\n<p>\"Chez Zinpro, notre mission est centr\u00e9e sur la sant\u00e9 et le bien-\u00eatre, ce qui inclut la sant\u00e9 mentale\", a d\u00e9clar\u00e9 Rob Sheffer, pr\u00e9sident-directeur g\u00e9n\u00e9ral de Zinpro. \"Chaque ann\u00e9e, je suis fier que nos employ\u00e9s du Minnesota et du monde entier participent \u00e0 cette marche afin de d\u00e9montrer notre soutien \u00e0 la lutte contre la stigmatisation des maladies mentales et \u00e0 l'important travail de plaidoyer r\u00e9alis\u00e9 par NAMI Minnesota.\"&nbsp;<\/p>\n\n\n\n<p>La NAMIWalks soutient les efforts de la NAMI Minnesota (National Alliance on Mental Illness) en mati\u00e8re d'\u00e9ducation, de soutien et de d\u00e9fense des enfants et des adultes atteints de maladies mentales et de leurs familles.&nbsp;&nbsp;<\/p>\n\n\n\n<p>\"Cette ann\u00e9e, le Surgeon General des \u00c9tats-Unis a publi\u00e9 un rapport sur l'impact de la solitude et de l'isolement\", a d\u00e9clar\u00e9 Sue Abderholden, directrice ex\u00e9cutive de NAMI Minnesota. \"Les programmes de la NAMI mettent les gens en contact et leur permettent de savoir qu'ils ne sont pas seuls. Personne ne se sort seul d'une maladie mentale grave\".&nbsp;<\/p>\n\n\n\n<p>Les NAMIWalks sont une opportunit\u00e9 de transformation dans laquelle les participants r\u00e9duisent le stress, construisent une communaut\u00e9 et trouvent un soutien et des services locaux qui peuvent faire la diff\u00e9rence.&nbsp;<\/p>\n\n\n\n<p><strong>\u00c0 propos de NAMI :<\/strong>&nbsp;<\/p>\n\n\n\n<p>NAMI Minnesota est une organisation \u00e0 but non lucratif qui s'efforce d'am\u00e9liorer la vie des enfants et des adultes atteints de maladies mentales et de leurs familles par le biais de ses programmes d'\u00e9ducation, de soutien et de d\u00e9fense des droits. Pour en savoir plus, visitez le site <a href=\"https:\/\/namimn.org\/\" target=\"_blank\" rel=\"noreferrer noopener\">namimn.org<\/a>.&nbsp;&nbsp;<\/p>","protected":false},"excerpt":{"rendered":"<p class=\"has-text-align-center\"><em>Making a positive impact on the mental health landscape, one step at a time.<\/em>&nbsp;<\/p>\n<p>EDEN PRAIRIE, Minn. \u2013 September 23, 2023 \u2013 Zinpro Corporation, the [&#8230;]<\/p>\n","protected":false},"author":27,"template":"","class_list":["post-59387","news","type-news","status-publish","hentry"],"acf":[],"yoast_head":"<!-- This site is optimized with the Yoast SEO Premium plugin v27.4 (Yoast SEO v27.4) - https:\/\/yoast.com\/product\/yoast-seo-premium-wordpress\/ -->\n<title>Zinpro\u00ae Corporation Serves as Presenting Sponsor for 2023 NAMIWalks Minnesota Event &#8211; Zinpro\u00ae<\/title>\n<meta name=\"robots\" content=\"index, follow, max-snippet:-1, max-image-preview:large, max-video-preview:-1\" \/>\n<link rel=\"canonical\" href=\"https:\/\/www.zinpro.com\/fr\/news\/zinpro-corporation-serves-as-presenting-sponsor-for-2023-namiwalks-minnesota-event\/\" \/>\n<meta property=\"og:locale\" content=\"fr_FR\" \/>\n<meta property=\"og:type\" content=\"article\" \/>\n<meta property=\"og:title\" content=\"Zinpro\u00ae Corporation Serves as Presenting Sponsor for 2023 NAMIWalks Minnesota Event\" \/>\n<meta property=\"og:description\" content=\"Making a positive impact on the mental health landscape, one step at a time.&nbsp;  EDEN PRAIRIE, Minn. \u2013 September 23, 2023 \u2013 Zinpro Corporation, the [...]\" \/>\n<meta property=\"og:url\" content=\"https:\/\/www.zinpro.com\/fr\/news\/zinpro-corporation-serves-as-presenting-sponsor-for-2023-namiwalks-minnesota-event\/\" \/>\n<meta property=\"og:site_name\" content=\"Zinpro\u00ae\" \/>\n<meta property=\"article:publisher\" content=\"https:\/\/www.facebook.com\/ZinproCorp\/\" \/>\n<meta property=\"article:modified_time\" content=\"2023-10-05T13:38:17+00:00\" \/>\n<meta name=\"twitter:card\" content=\"summary_large_image\" \/>\n<meta name=\"twitter:site\" content=\"@wdolezal\" \/>\n<meta name=\"twitter:label1\" content=\"Dur\u00e9e de lecture estim\u00e9e\" \/>\n\t<meta name=\"twitter:data1\" content=\"1 minute\" \/>\n<script type=\"application\/ld+json\" class=\"yoast-schema-graph\">{\"@context\":\"https:\\\/\\\/schema.org\",\"@graph\":[{\"@type\":\"WebPage\",\"@id\":\"https:\\\/\\\/www.zinpro.com\\\/news\\\/zinpro-corporation-serves-as-presenting-sponsor-for-2023-namiwalks-minnesota-event\\\/\",\"url\":\"https:\\\/\\\/www.zinpro.com\\\/news\\\/zinpro-corporation-serves-as-presenting-sponsor-for-2023-namiwalks-minnesota-event\\\/\",\"name\":\"Zinpro\u00ae Corporation Serves as Presenting Sponsor for 2023 NAMIWalks Minnesota Event &#8211; Zinpro\u00ae\",\"isPartOf\":{\"@id\":\"https:\\\/\\\/www.zinpro.com\\\/#website\"},\"datePublished\":\"2023-09-21T14:00:00+00:00\",\"dateModified\":\"2023-10-05T13:38:17+00:00\",\"breadcrumb\":{\"@id\":\"https:\\\/\\\/www.zinpro.com\\\/news\\\/zinpro-corporation-serves-as-presenting-sponsor-for-2023-namiwalks-minnesota-event\\\/#breadcrumb\"},\"inLanguage\":\"fr-FR\",\"potentialAction\":[{\"@type\":\"ReadAction\",\"target\":[\"https:\\\/\\\/www.zinpro.com\\\/news\\\/zinpro-corporation-serves-as-presenting-sponsor-for-2023-namiwalks-minnesota-event\\\/\"]}]},{\"@type\":\"BreadcrumbList\",\"@id\":\"https:\\\/\\\/www.zinpro.com\\\/news\\\/zinpro-corporation-serves-as-presenting-sponsor-for-2023-namiwalks-minnesota-event\\\/#breadcrumb\",\"itemListElement\":[{\"@type\":\"ListItem\",\"position\":1,\"name\":\"News\",\"item\":\"https:\\\/\\\/www.zinpro.com\\\/news\\\/\"},{\"@type\":\"ListItem\",\"position\":2,\"name\":\"Zinpro\u00ae Corporation Serves as Presenting Sponsor for 2023 NAMIWalks Minnesota Event\"}]},{\"@type\":\"WebSite\",\"@id\":\"https:\\\/\\\/www.zinpro.com\\\/#website\",\"url\":\"https:\\\/\\\/www.zinpro.com\\\/\",\"name\":\"Zinpro\u00ae\",\"description\":\"\",\"potentialAction\":[{\"@type\":\"SearchAction\",\"target\":{\"@type\":\"EntryPoint\",\"urlTemplate\":\"https:\\\/\\\/www.zinpro.com\\\/?s={search_term_string}\"},\"query-input\":{\"@type\":\"PropertyValueSpecification\",\"valueRequired\":true,\"valueName\":\"search_term_string\"}}],\"inLanguage\":\"fr-FR\"}]}<\/script>\n<!-- \/ Yoast SEO Premium plugin. -->","yoast_head_json":{"title":"Zinpro\u00ae Corporation est le sponsor principal de l'\u00e9v\u00e9nement NAMIWalks Minnesota 2023 - Zinpro\u00ae","robots":{"index":"index","follow":"follow","max-snippet":"max-snippet:-1","max-image-preview":"max-image-preview:large","max-video-preview":"max-video-preview:-1"},"canonical":"https:\/\/www.zinpro.com\/fr\/news\/zinpro-corporation-serves-as-presenting-sponsor-for-2023-namiwalks-minnesota-event\/","og_locale":"fr_FR","og_type":"article","og_title":"Zinpro\u00ae Corporation Serves as Presenting Sponsor for 2023 NAMIWalks Minnesota Event","og_description":"Making a positive impact on the mental health landscape, one step at a time.&nbsp;  EDEN PRAIRIE, Minn. \u2013 September 23, 2023 \u2013 Zinpro Corporation, the [...]","og_url":"https:\/\/www.zinpro.com\/fr\/news\/zinpro-corporation-serves-as-presenting-sponsor-for-2023-namiwalks-minnesota-event\/","og_site_name":"Zinpro\u00ae","article_publisher":"https:\/\/www.facebook.com\/ZinproCorp\/","article_modified_time":"2023-10-05T13:38:17+00:00","twitter_card":"summary_large_image","twitter_site":"@wdolezal","twitter_misc":{"Dur\u00e9e de lecture estim\u00e9e":"1 minute"},"schema":{"@context":"https:\/\/schema.org","@graph":[{"@type":"WebPage","@id":"https:\/\/www.zinpro.com\/news\/zinpro-corporation-serves-as-presenting-sponsor-for-2023-namiwalks-minnesota-event\/","url":"https:\/\/www.zinpro.com\/news\/zinpro-corporation-serves-as-presenting-sponsor-for-2023-namiwalks-minnesota-event\/","name":"Zinpro\u00ae Corporation est le sponsor principal de l'\u00e9v\u00e9nement NAMIWalks Minnesota 2023 - Zinpro\u00ae","isPartOf":{"@id":"https:\/\/www.zinpro.com\/#website"},"datePublished":"2023-09-21T14:00:00+00:00","dateModified":"2023-10-05T13:38:17+00:00","breadcrumb":{"@id":"https:\/\/www.zinpro.com\/news\/zinpro-corporation-serves-as-presenting-sponsor-for-2023-namiwalks-minnesota-event\/#breadcrumb"},"inLanguage":"fr-FR","potentialAction":[{"@type":"ReadAction","target":["https:\/\/www.zinpro.com\/news\/zinpro-corporation-serves-as-presenting-sponsor-for-2023-namiwalks-minnesota-event\/"]}]},{"@type":"BreadcrumbList","@id":"https:\/\/www.zinpro.com\/news\/zinpro-corporation-serves-as-presenting-sponsor-for-2023-namiwalks-minnesota-event\/#breadcrumb","itemListElement":[{"@type":"ListItem","position":1,"name":"News","item":"https:\/\/www.zinpro.com\/news\/"},{"@type":"ListItem","position":2,"name":"Zinpro\u00ae Corporation Serves as Presenting Sponsor for 2023 NAMIWalks Minnesota Event"}]},{"@type":"WebSite","@id":"https:\/\/www.zinpro.com\/#website","url":"https:\/\/www.zinpro.com\/","name":"Zinpro\u00ae","description":"","potentialAction":[{"@type":"SearchAction","target":{"@type":"EntryPoint","urlTemplate":"https:\/\/www.zinpro.com\/?s={search_term_string}"},"query-input":{"@type":"PropertyValueSpecification","valueRequired":true,"valueName":"search_term_string"}}],"inLanguage":"fr-FR"}]}},"spectra_custom_meta":{"_edit_lock":["1714410070:14"],"_edit_last":["8"],"ss_social_share_disable":[""],"_eb_reusable_block_ids":["a:0:{}"],"_uag_css_file_name":["uag-css-59387.css"],"_uag_page_assets":["a:9:{s:3:\"css\";s:0:\"\";s:2:\"js\";s:0:\"\";s:18:\"current_block_list\";a:12:{i:0;s:14:\"core\/paragraph\";i:1;s:11:\"core\/search\";i:2;s:10:\"core\/group\";i:3;s:12:\"core\/heading\";i:4;s:17:\"core\/latest-posts\";i:5;s:20:\"core\/latest-comments\";i:6;s:13:\"core\/archives\";i:7;s:15:\"core\/categories\";i:8;s:17:\"core\/social-links\";i:9;s:16:\"core\/social-link\";i:10;s:11:\"core\/spacer\";i:11;s:10:\"core\/image\";}s:8:\"uag_flag\";b:0;s:11:\"uag_version\";s:10:\"1777426717\";s:6:\"gfonts\";a:0:{}s:10:\"gfonts_url\";s:0:\"\";s:12:\"gfonts_files\";a:0:{}s:14:\"uag_faq_layout\";b:0;}"]},"uagb_featured_image_src":[],"uagb_author_info":{"display_name":"Administrator","author_link":"https:\/\/www.zinpro.com\/fr\/resource-center\/author\/administrator\/"},"uagb_comment_info":0,"uagb_excerpt":"Making a positive impact on the mental health landscape, one step at a time.&nbsp; EDEN PRAIRIE, Minn. \u2013 September 23, 2023 \u2013 Zinpro Corporation, the [...]","_links":{"self":[{"href":"https:\/\/www.zinpro.com\/fr\/wp-json\/wp\/v2\/news\/59387","targetHints":{"allow":["GET"]}}],"collection":[{"href":"https:\/\/www.zinpro.com\/fr\/wp-json\/wp\/v2\/news"}],"about":[{"href":"https:\/\/www.zinpro.com\/fr\/wp-json\/wp\/v2\/types\/news"}],"author":[{"embeddable":true,"href":"https:\/\/www.zinpro.com\/fr\/wp-json\/wp\/v2\/users\/27"}],"version-history":[{"count":0,"href":"https:\/\/www.zinpro.com\/fr\/wp-json\/wp\/v2\/news\/59387\/revisions"}],"wp:attachment":[{"href":"https:\/\/www.zinpro.com\/fr\/wp-json\/wp\/v2\/media?parent=59387"}],"curies":[{"name":"wp","href":"https:\/\/api.w.org\/{rel}","templated":true}]}}