

{"id":55528,"date":"2021-12-16T13:00:00","date_gmt":"2021-12-16T13:00:00","guid":{"rendered":"https:\/\/www.zinpro.com\/news\/alfredo-lopez-joins-zinpro-corporation-as-corporate-controller\/"},"modified":"2023-06-07T21:26:17","modified_gmt":"2023-06-07T21:26:17","slug":"alfredo-lopez-joins-zinpro-corporation-as-corporate-controller","status":"publish","type":"news","link":"https:\/\/www.zinpro.com\/fr\/news\/alfredo-lopez-joins-zinpro-corporation-as-corporate-controller\/","title":{"rendered":"Alfredo Lopez rejoint Zinpro Corporation en tant que contr\u00f4leur de gestion"},"content":{"rendered":"<p><em>Alfredo Lopez dirigera l'\u00e9quipe charg\u00e9e de veiller \u00e0 la sant\u00e9 financi\u00e8re et au succ\u00e8s de Zinpro \u00e0 l'\u00e9chelle mondiale. Il se fera le champion des solutions innovantes pour g\u00e9rer l'entreprise de mani\u00e8re plus efficace.<\/em><\/p>\n\n\n\n<p><strong>EDEN PRAIRIE, Minn. - 16 d\u00e9cembre 2021 - <\/strong>Zinpro Corporation, l'un des principaux fournisseurs de solutions de nutrition animale, a accueilli Alfredo Lopez au poste de contr\u00f4leur d'entreprise, o\u00f9 il dirigera les \u00e9quipes charg\u00e9es de la comptabilit\u00e9, des comptes fournisseurs et des comptes clients. Alfredo Lopez se concentrera sur les politiques et les contr\u00f4les, l'utilisation de la technologie et la d\u00e9finition d'une vision claire pour son \u00e9quipe afin de pr\u00e9parer l'ensemble de Zinpro \u00e0 la r\u00e9ussite.<\/p>\n\n\n\n<div class=\"wp-block-columns is-layout-flex wp-container-core-columns-is-layout-9d6595d7 wp-block-columns-is-layout-flex\">\n<div class=\"wp-block-column is-layout-flow wp-block-column-is-layout-flow\">\n<p>\"Je suis ravie des investissements que nous avons r\u00e9alis\u00e9s dans notre \u00e9quipe et nos ressources financi\u00e8res\", a d\u00e9clar\u00e9 Candyce Trautwein, directrice financi\u00e8re de Zinpro. \"Nous sommes en mesure de g\u00e9rer notre entreprise plus efficacement et de d\u00e9passer les attentes de nos clients dans le monde entier.\"<\/p>\n\n\n\n<p>M. Lopez poss\u00e8de plus de 23 ans d'exp\u00e9rience en mati\u00e8re de comptabilit\u00e9 et de direction, et a occup\u00e9 derni\u00e8rement le poste de directeur de la comptabilit\u00e9 chez United Healthcare. Avant cela, il a pass\u00e9 13 ans chez Cargill, o\u00f9 il a occup\u00e9 divers postes de direction financi\u00e8re. Il est expert-comptable et titulaire d'une ma\u00eetrise en administration des affaires (MBA) de l'Institut technologique autonome du Mexique. M. Lopez sera bas\u00e9 au si\u00e8ge de Zinpro \u00e0 Eden Prairie, dans le Minnesota.<\/p>\n<\/div>\n\n\n\n<div class=\"wp-block-column is-vertically-aligned-center is-layout-flow wp-block-column-is-layout-flow\">\n<figure class=\"wp-block-image alignleft size-full\"><img loading=\"lazy\" decoding=\"async\" width=\"300\" height=\"300\" src=\"https:\/\/www.zinpro.com\/wp-content\/uploads\/2023\/06\/Zinpro_New-Employee_Corporate-Controller_Alfredo-Lopez_300x300.png\" alt=\"\" class=\"wp-image-55545\" srcset=\"https:\/\/www.zinpro.com\/wp-content\/uploads\/2023\/06\/Zinpro_New-Employee_Corporate-Controller_Alfredo-Lopez_300x300.png 300w, https:\/\/www.zinpro.com\/wp-content\/uploads\/2023\/06\/Zinpro_New-Employee_Corporate-Controller_Alfredo-Lopez_300x300-150x150.png 150w, https:\/\/www.zinpro.com\/wp-content\/uploads\/2023\/06\/Zinpro_New-Employee_Corporate-Controller_Alfredo-Lopez_300x300-12x12.png 12w\" sizes=\"auto, (max-width: 300px) 100vw, 300px\" \/><\/figure>\n<\/div>\n<\/div>\n\n\n\n<p>\"Nous sommes impatients d'accueillir Alfredo dans notre \u00e9quipe pour nous aider \u00e0 voir plus grand et \u00e0 trouver des moyens cr\u00e9atifs d'am\u00e9liorer notre approche et nos processus\", a poursuivi M. Trautwein. \"Il fait preuve d'une grande rigueur et d'un esprit de collaboration qui inciteront nos \u00e9quipes \u00e0 faire preuve d'agilit\u00e9 dans un secteur et une profession en constante \u00e9volution.\"<\/p>\n\n\n\n<p>En savoir plus sur la riche histoire de Zinpro et sur son engagement envers ses clients et ses employ\u00e9s <a href=\"https:\/\/test-zinpro-wp.pantheonsite.io\/our-history\" target=\"_blank\" rel=\"noreferrer noopener\">ici<\/a>.<\/p>\n\n\n\n<p><\/p>","protected":false},"excerpt":{"rendered":"<p><em>Alfredo Lopez will lead the team supporting Zinpro\u2019s global financial health and success. He will champion innovative solutions to run the business more efficiently.<\/em><\/p>\n<p><strong>EDEN PRAIRIE, [&#8230;]<\/p>\n","protected":false},"author":8,"template":"","class_list":["post-55528","news","type-news","status-publish","hentry"],"acf":[],"yoast_head":"<!-- This site is optimized with the Yoast SEO Premium plugin v27.4 (Yoast SEO v27.4) - https:\/\/yoast.com\/product\/yoast-seo-premium-wordpress\/ -->\n<title>Alfredo Lopez Joins Zinpro Corporation as Corporate Controller &#8211; Zinpro\u00ae<\/title>\n<meta name=\"robots\" content=\"index, follow, max-snippet:-1, max-image-preview:large, max-video-preview:-1\" \/>\n<link rel=\"canonical\" href=\"https:\/\/www.zinpro.com\/fr\/news\/alfredo-lopez-joins-zinpro-corporation-as-corporate-controller\/\" \/>\n<meta property=\"og:locale\" content=\"fr_FR\" \/>\n<meta property=\"og:type\" content=\"article\" \/>\n<meta property=\"og:title\" content=\"Alfredo Lopez Joins Zinpro Corporation as Corporate Controller\" \/>\n<meta property=\"og:description\" content=\"Alfredo Lopez will lead the team supporting Zinpro\u2019s global financial health and success. He will champion innovative solutions to run the business more efficiently.  EDEN PRAIRIE, [...]\" \/>\n<meta property=\"og:url\" content=\"https:\/\/www.zinpro.com\/fr\/news\/alfredo-lopez-joins-zinpro-corporation-as-corporate-controller\/\" \/>\n<meta property=\"og:site_name\" content=\"Zinpro\u00ae\" \/>\n<meta property=\"article:publisher\" content=\"https:\/\/www.facebook.com\/ZinproCorp\/\" \/>\n<meta property=\"article:modified_time\" content=\"2023-06-07T21:26:17+00:00\" \/>\n<meta property=\"og:image\" content=\"https:\/\/www.zinpro.com\/wp-content\/uploads\/2023\/06\/Zinpro_New-Employee_Corporate-Controller_Alfredo-Lopez_300x300.png\" \/>\n<meta name=\"twitter:card\" content=\"summary_large_image\" \/>\n<meta name=\"twitter:site\" content=\"@wdolezal\" \/>\n<meta name=\"twitter:label1\" content=\"Dur\u00e9e de lecture estim\u00e9e\" \/>\n\t<meta name=\"twitter:data1\" content=\"2 minutes\" \/>\n<script type=\"application\/ld+json\" class=\"yoast-schema-graph\">{\"@context\":\"https:\\\/\\\/schema.org\",\"@graph\":[{\"@type\":\"WebPage\",\"@id\":\"https:\\\/\\\/www.zinpro.com\\\/news\\\/alfredo-lopez-joins-zinpro-corporation-as-corporate-controller\\\/\",\"url\":\"https:\\\/\\\/www.zinpro.com\\\/news\\\/alfredo-lopez-joins-zinpro-corporation-as-corporate-controller\\\/\",\"name\":\"Alfredo Lopez Joins Zinpro Corporation as Corporate Controller &#8211; Zinpro\u00ae\",\"isPartOf\":{\"@id\":\"https:\\\/\\\/www.zinpro.com\\\/#website\"},\"primaryImageOfPage\":{\"@id\":\"https:\\\/\\\/www.zinpro.com\\\/news\\\/alfredo-lopez-joins-zinpro-corporation-as-corporate-controller\\\/#primaryimage\"},\"image\":{\"@id\":\"https:\\\/\\\/www.zinpro.com\\\/news\\\/alfredo-lopez-joins-zinpro-corporation-as-corporate-controller\\\/#primaryimage\"},\"thumbnailUrl\":\"https:\\\/\\\/www.zinpro.com\\\/wp-content\\\/uploads\\\/2023\\\/06\\\/Zinpro_New-Employee_Corporate-Controller_Alfredo-Lopez_300x300.png\",\"datePublished\":\"2021-12-16T13:00:00+00:00\",\"dateModified\":\"2023-06-07T21:26:17+00:00\",\"breadcrumb\":{\"@id\":\"https:\\\/\\\/www.zinpro.com\\\/news\\\/alfredo-lopez-joins-zinpro-corporation-as-corporate-controller\\\/#breadcrumb\"},\"inLanguage\":\"fr-FR\",\"potentialAction\":[{\"@type\":\"ReadAction\",\"target\":[\"https:\\\/\\\/www.zinpro.com\\\/news\\\/alfredo-lopez-joins-zinpro-corporation-as-corporate-controller\\\/\"]}]},{\"@type\":\"ImageObject\",\"inLanguage\":\"fr-FR\",\"@id\":\"https:\\\/\\\/www.zinpro.com\\\/news\\\/alfredo-lopez-joins-zinpro-corporation-as-corporate-controller\\\/#primaryimage\",\"url\":\"https:\\\/\\\/www.zinpro.com\\\/wp-content\\\/uploads\\\/2023\\\/06\\\/Zinpro_New-Employee_Corporate-Controller_Alfredo-Lopez_300x300.png\",\"contentUrl\":\"https:\\\/\\\/www.zinpro.com\\\/wp-content\\\/uploads\\\/2023\\\/06\\\/Zinpro_New-Employee_Corporate-Controller_Alfredo-Lopez_300x300.png\"},{\"@type\":\"BreadcrumbList\",\"@id\":\"https:\\\/\\\/www.zinpro.com\\\/news\\\/alfredo-lopez-joins-zinpro-corporation-as-corporate-controller\\\/#breadcrumb\",\"itemListElement\":[{\"@type\":\"ListItem\",\"position\":1,\"name\":\"News\",\"item\":\"https:\\\/\\\/www.zinpro.com\\\/news\\\/\"},{\"@type\":\"ListItem\",\"position\":2,\"name\":\"Alfredo Lopez Joins Zinpro Corporation as Corporate Controller\"}]},{\"@type\":\"WebSite\",\"@id\":\"https:\\\/\\\/www.zinpro.com\\\/#website\",\"url\":\"https:\\\/\\\/www.zinpro.com\\\/\",\"name\":\"Zinpro\u00ae\",\"description\":\"\",\"potentialAction\":[{\"@type\":\"SearchAction\",\"target\":{\"@type\":\"EntryPoint\",\"urlTemplate\":\"https:\\\/\\\/www.zinpro.com\\\/?s={search_term_string}\"},\"query-input\":{\"@type\":\"PropertyValueSpecification\",\"valueRequired\":true,\"valueName\":\"search_term_string\"}}],\"inLanguage\":\"fr-FR\"}]}<\/script>\n<!-- \/ Yoast SEO Premium plugin. -->","yoast_head_json":{"title":"Alfredo Lopez rejoint Zinpro Corporation en tant que contr\u00f4leur financier \u2013 Zinpro\u00ae","robots":{"index":"index","follow":"follow","max-snippet":"max-snippet:-1","max-image-preview":"max-image-preview:large","max-video-preview":"max-video-preview:-1"},"canonical":"https:\/\/www.zinpro.com\/fr\/news\/alfredo-lopez-joins-zinpro-corporation-as-corporate-controller\/","og_locale":"fr_FR","og_type":"article","og_title":"Alfredo Lopez Joins Zinpro Corporation as Corporate Controller","og_description":"Alfredo Lopez will lead the team supporting Zinpro\u2019s global financial health and success. He will champion innovative solutions to run the business more efficiently.  EDEN PRAIRIE, [...]","og_url":"https:\/\/www.zinpro.com\/fr\/news\/alfredo-lopez-joins-zinpro-corporation-as-corporate-controller\/","og_site_name":"Zinpro\u00ae","article_publisher":"https:\/\/www.facebook.com\/ZinproCorp\/","article_modified_time":"2023-06-07T21:26:17+00:00","og_image":[{"url":"https:\/\/www.zinpro.com\/wp-content\/uploads\/2023\/06\/Zinpro_New-Employee_Corporate-Controller_Alfredo-Lopez_300x300.png","type":"","width":"","height":""}],"twitter_card":"summary_large_image","twitter_site":"@wdolezal","twitter_misc":{"Dur\u00e9e de lecture estim\u00e9e":"2 minutes"},"schema":{"@context":"https:\/\/schema.org","@graph":[{"@type":"WebPage","@id":"https:\/\/www.zinpro.com\/news\/alfredo-lopez-joins-zinpro-corporation-as-corporate-controller\/","url":"https:\/\/www.zinpro.com\/news\/alfredo-lopez-joins-zinpro-corporation-as-corporate-controller\/","name":"Alfredo Lopez rejoint Zinpro Corporation en tant que contr\u00f4leur financier \u2013 Zinpro\u00ae","isPartOf":{"@id":"https:\/\/www.zinpro.com\/#website"},"primaryImageOfPage":{"@id":"https:\/\/www.zinpro.com\/news\/alfredo-lopez-joins-zinpro-corporation-as-corporate-controller\/#primaryimage"},"image":{"@id":"https:\/\/www.zinpro.com\/news\/alfredo-lopez-joins-zinpro-corporation-as-corporate-controller\/#primaryimage"},"thumbnailUrl":"https:\/\/www.zinpro.com\/wp-content\/uploads\/2023\/06\/Zinpro_New-Employee_Corporate-Controller_Alfredo-Lopez_300x300.png","datePublished":"2021-12-16T13:00:00+00:00","dateModified":"2023-06-07T21:26:17+00:00","breadcrumb":{"@id":"https:\/\/www.zinpro.com\/news\/alfredo-lopez-joins-zinpro-corporation-as-corporate-controller\/#breadcrumb"},"inLanguage":"fr-FR","potentialAction":[{"@type":"ReadAction","target":["https:\/\/www.zinpro.com\/news\/alfredo-lopez-joins-zinpro-corporation-as-corporate-controller\/"]}]},{"@type":"ImageObject","inLanguage":"fr-FR","@id":"https:\/\/www.zinpro.com\/news\/alfredo-lopez-joins-zinpro-corporation-as-corporate-controller\/#primaryimage","url":"https:\/\/www.zinpro.com\/wp-content\/uploads\/2023\/06\/Zinpro_New-Employee_Corporate-Controller_Alfredo-Lopez_300x300.png","contentUrl":"https:\/\/www.zinpro.com\/wp-content\/uploads\/2023\/06\/Zinpro_New-Employee_Corporate-Controller_Alfredo-Lopez_300x300.png"},{"@type":"BreadcrumbList","@id":"https:\/\/www.zinpro.com\/news\/alfredo-lopez-joins-zinpro-corporation-as-corporate-controller\/#breadcrumb","itemListElement":[{"@type":"ListItem","position":1,"name":"News","item":"https:\/\/www.zinpro.com\/news\/"},{"@type":"ListItem","position":2,"name":"Alfredo Lopez Joins Zinpro Corporation as Corporate Controller"}]},{"@type":"WebSite","@id":"https:\/\/www.zinpro.com\/#website","url":"https:\/\/www.zinpro.com\/","name":"Zinpro\u00ae","description":"","potentialAction":[{"@type":"SearchAction","target":{"@type":"EntryPoint","urlTemplate":"https:\/\/www.zinpro.com\/?s={search_term_string}"},"query-input":{"@type":"PropertyValueSpecification","valueRequired":true,"valueName":"search_term_string"}}],"inLanguage":"fr-FR"}]}},"spectra_custom_meta":{"_wp_page_template":["default"],"_edit_lock":["1686173351:8"],"_edit_last":["8"],"ss_social_share_disable":[""],"_yoast_wpseo_content_score":["60"],"_yoast_wpseo_estimated-reading-time-minutes":["2"],"_yoast_wpseo_wordproof_timestamp":[""],"_eb_reusable_block_ids":["a:0:{}"],"_uag_css_file_name":["uag-css-55528.css"],"_uag_page_assets":["a:9:{s:3:\"css\";s:0:\"\";s:2:\"js\";s:0:\"\";s:18:\"current_block_list\";a:14:{i:0;s:14:\"core\/paragraph\";i:1;s:12:\"core\/columns\";i:2;s:11:\"core\/column\";i:4;s:10:\"core\/image\";i:5;s:11:\"core\/search\";i:6;s:10:\"core\/group\";i:7;s:12:\"core\/heading\";i:8;s:17:\"core\/latest-posts\";i:9;s:20:\"core\/latest-comments\";i:10;s:13:\"core\/archives\";i:11;s:15:\"core\/categories\";i:12;s:17:\"core\/social-links\";i:13;s:16:\"core\/social-link\";i:14;s:11:\"core\/spacer\";}s:8:\"uag_flag\";b:0;s:11:\"uag_version\";s:10:\"1777426717\";s:6:\"gfonts\";a:0:{}s:10:\"gfonts_url\";s:0:\"\";s:12:\"gfonts_files\";a:0:{}s:14:\"uag_faq_layout\";b:0;}"]},"uagb_featured_image_src":[],"uagb_author_info":{"display_name":"Matt Wolleat","author_link":"https:\/\/www.zinpro.com\/fr\/resource-center\/author\/mwolleatzinpro-com\/"},"uagb_comment_info":0,"uagb_excerpt":"Alfredo Lopez will lead the team supporting Zinpro\u2019s global financial health and success. He will champion innovative solutions to run the business more efficiently. EDEN PRAIRIE, [...]","_links":{"self":[{"href":"https:\/\/www.zinpro.com\/fr\/wp-json\/wp\/v2\/news\/55528","targetHints":{"allow":["GET"]}}],"collection":[{"href":"https:\/\/www.zinpro.com\/fr\/wp-json\/wp\/v2\/news"}],"about":[{"href":"https:\/\/www.zinpro.com\/fr\/wp-json\/wp\/v2\/types\/news"}],"author":[{"embeddable":true,"href":"https:\/\/www.zinpro.com\/fr\/wp-json\/wp\/v2\/users\/8"}],"version-history":[{"count":0,"href":"https:\/\/www.zinpro.com\/fr\/wp-json\/wp\/v2\/news\/55528\/revisions"}],"wp:attachment":[{"href":"https:\/\/www.zinpro.com\/fr\/wp-json\/wp\/v2\/media?parent=55528"}],"curies":[{"name":"wp","href":"https:\/\/api.w.org\/{rel}","templated":true}]}}