

{"id":55528,"date":"2021-12-16T13:00:00","date_gmt":"2021-12-16T13:00:00","guid":{"rendered":"https:\/\/www.zinpro.com\/news\/alfredo-lopez-joins-zinpro-corporation-as-corporate-controller\/"},"modified":"2023-06-07T21:26:17","modified_gmt":"2023-06-07T21:26:17","slug":"alfredo-lopez-joins-zinpro-corporation-as-corporate-controller","status":"publish","type":"news","link":"https:\/\/www.zinpro.com\/es_mx\/news\/alfredo-lopez-joins-zinpro-corporation-as-corporate-controller\/","title":{"rendered":"Alfredo L\u00f3pez se une a Zinpro Corporation como Controlador Corporativo"},"content":{"rendered":"<p><em>Alfredo L\u00f3pez dirigir\u00e1 el equipo de apoyo a la salud y el \u00e9xito financiero global de Zinpro. Defender\u00e1 soluciones innovadoras para gestionar el negocio de forma m\u00e1s eficiente.<\/em><\/p>\n\n\n\n<p><strong>EDEN PRAIRIE, Minnesota - 16 de diciembre de 2021 - <\/strong>Zinpro Corporation, proveedor l\u00edder de soluciones de nutrici\u00f3n animal, ha dado la bienvenida a Alfredo L\u00f3pez como interventor corporativo, para dirigir los equipos de contabilidad, cuentas a pagar y cuentas a cobrar. L\u00f3pez se centrar\u00e1 en las pol\u00edticas y los controles, aprovechando la tecnolog\u00eda y definiendo una visi\u00f3n clara para su equipo con el fin de que Zinpro alcance el \u00e9xito.<\/p>\n\n\n\n<div class=\"wp-block-columns is-layout-flex wp-container-core-columns-is-layout-9d6595d7 wp-block-columns-is-layout-flex\">\n<div class=\"wp-block-column is-layout-flow wp-block-column-is-layout-flow\">\n<p>\"Estoy entusiasmada con las inversiones que hemos realizado en nuestro equipo y recursos financieros\", ha declarado Candyce Trautwein, Directora Financiera de Zinpro. \"Somos capaces de dirigir nuestro negocio de forma m\u00e1s eficiente y superar las expectativas de nuestros clientes en todo el mundo\".<\/p>\n\n\n\n<p>L\u00f3pez aporta m\u00e1s de 23 a\u00f1os de experiencia en contabilidad y liderazgo, m\u00e1s recientemente como director de contabilidad de United Healthcare. Anteriormente, trabaj\u00f3 13 a\u00f1os en Cargill, donde desempe\u00f1\u00f3 diversas funciones de liderazgo financiero. Es CPA y tiene un M\u00e1ster en Administraci\u00f3n de Empresas (MBA) por el Instituto Tecnol\u00f3gico Aut\u00f3nomo de M\u00e9xico. L\u00f3pez trabajar\u00e1 en la sede de Zinpro en Eden Prairie, Minnesota.<\/p>\n<\/div>\n\n\n\n<div class=\"wp-block-column is-vertically-aligned-center is-layout-flow wp-block-column-is-layout-flow\">\n<figure class=\"wp-block-image alignleft size-full\"><img loading=\"lazy\" decoding=\"async\" width=\"300\" height=\"300\" src=\"https:\/\/www.zinpro.com\/wp-content\/uploads\/2023\/06\/Zinpro_New-Employee_Corporate-Controller_Alfredo-Lopez_300x300.png\" alt=\"\" class=\"wp-image-55545\" srcset=\"https:\/\/www.zinpro.com\/wp-content\/uploads\/2023\/06\/Zinpro_New-Employee_Corporate-Controller_Alfredo-Lopez_300x300.png 300w, https:\/\/www.zinpro.com\/wp-content\/uploads\/2023\/06\/Zinpro_New-Employee_Corporate-Controller_Alfredo-Lopez_300x300-150x150.png 150w, https:\/\/www.zinpro.com\/wp-content\/uploads\/2023\/06\/Zinpro_New-Employee_Corporate-Controller_Alfredo-Lopez_300x300-12x12.png 12w\" sizes=\"auto, (max-width: 300px) 100vw, 300px\" \/><\/figure>\n<\/div>\n<\/div>\n\n\n\n<p>\"Estamos ansiosos por tener a Alfredo en nuestro equipo para que nos ayude a pensar en grande y a encontrar formas creativas de mejorar nuestro enfoque y nuestros procesos\", continu\u00f3 Trautwein. \"Tiene un enfoque disciplinado y un esp\u00edritu de colaboraci\u00f3n que impulsar\u00e1 a nuestros equipos a ser \u00e1giles en un sector y una profesi\u00f3n que siempre est\u00e1n cambiando.\"<\/p>\n\n\n\n<p>M\u00e1s informaci\u00f3n sobre la rica historia de Zinpro y la dedicaci\u00f3n a nuestros clientes y empleados <a href=\"https:\/\/test-zinpro-wp.pantheonsite.io\/our-history\" target=\"_blank\" rel=\"noreferrer noopener\">aqu\u00ed<\/a>.<\/p>\n\n\n\n<p><\/p>","protected":false},"excerpt":{"rendered":"<p><em>Alfredo Lopez will lead the team supporting Zinpro\u2019s global financial health and success. He will champion innovative solutions to run the business more efficiently.<\/em><\/p>\n<p><strong>EDEN PRAIRIE, [&#8230;]<\/p>\n","protected":false},"author":8,"template":"","class_list":["post-55528","news","type-news","status-publish","hentry"],"acf":[],"yoast_head":"<!-- This site is optimized with the Yoast SEO Premium plugin v27.4 (Yoast SEO v27.4) - https:\/\/yoast.com\/product\/yoast-seo-premium-wordpress\/ -->\n<title>Alfredo Lopez Joins Zinpro Corporation as Corporate Controller &#8211; Zinpro\u00ae<\/title>\n<meta name=\"robots\" content=\"index, follow, max-snippet:-1, max-image-preview:large, max-video-preview:-1\" \/>\n<link rel=\"canonical\" href=\"https:\/\/www.zinpro.com\/es_mx\/news\/alfredo-lopez-joins-zinpro-corporation-as-corporate-controller\/\" \/>\n<meta property=\"og:locale\" content=\"es_MX\" \/>\n<meta property=\"og:type\" content=\"article\" \/>\n<meta property=\"og:title\" content=\"Alfredo Lopez Joins Zinpro Corporation as Corporate Controller\" \/>\n<meta property=\"og:description\" content=\"Alfredo Lopez will lead the team supporting Zinpro\u2019s global financial health and success. He will champion innovative solutions to run the business more efficiently.  EDEN PRAIRIE, [...]\" \/>\n<meta property=\"og:url\" content=\"https:\/\/www.zinpro.com\/es_mx\/news\/alfredo-lopez-joins-zinpro-corporation-as-corporate-controller\/\" \/>\n<meta property=\"og:site_name\" content=\"Zinpro\u00ae\" \/>\n<meta property=\"article:publisher\" content=\"https:\/\/www.facebook.com\/ZinproCorp\/\" \/>\n<meta property=\"article:modified_time\" content=\"2023-06-07T21:26:17+00:00\" \/>\n<meta property=\"og:image\" content=\"https:\/\/www.zinpro.com\/wp-content\/uploads\/2023\/06\/Zinpro_New-Employee_Corporate-Controller_Alfredo-Lopez_300x300.png\" \/>\n<meta name=\"twitter:card\" content=\"summary_large_image\" \/>\n<meta name=\"twitter:site\" content=\"@wdolezal\" \/>\n<meta name=\"twitter:label1\" content=\"Tiempo de lectura\" \/>\n\t<meta name=\"twitter:data1\" content=\"2 minutos\" \/>\n<script type=\"application\/ld+json\" class=\"yoast-schema-graph\">{\"@context\":\"https:\\\/\\\/schema.org\",\"@graph\":[{\"@type\":\"WebPage\",\"@id\":\"https:\\\/\\\/www.zinpro.com\\\/news\\\/alfredo-lopez-joins-zinpro-corporation-as-corporate-controller\\\/\",\"url\":\"https:\\\/\\\/www.zinpro.com\\\/news\\\/alfredo-lopez-joins-zinpro-corporation-as-corporate-controller\\\/\",\"name\":\"Alfredo Lopez Joins Zinpro Corporation as Corporate Controller &#8211; Zinpro\u00ae\",\"isPartOf\":{\"@id\":\"https:\\\/\\\/www.zinpro.com\\\/#website\"},\"primaryImageOfPage\":{\"@id\":\"https:\\\/\\\/www.zinpro.com\\\/news\\\/alfredo-lopez-joins-zinpro-corporation-as-corporate-controller\\\/#primaryimage\"},\"image\":{\"@id\":\"https:\\\/\\\/www.zinpro.com\\\/news\\\/alfredo-lopez-joins-zinpro-corporation-as-corporate-controller\\\/#primaryimage\"},\"thumbnailUrl\":\"https:\\\/\\\/www.zinpro.com\\\/wp-content\\\/uploads\\\/2023\\\/06\\\/Zinpro_New-Employee_Corporate-Controller_Alfredo-Lopez_300x300.png\",\"datePublished\":\"2021-12-16T13:00:00+00:00\",\"dateModified\":\"2023-06-07T21:26:17+00:00\",\"breadcrumb\":{\"@id\":\"https:\\\/\\\/www.zinpro.com\\\/news\\\/alfredo-lopez-joins-zinpro-corporation-as-corporate-controller\\\/#breadcrumb\"},\"inLanguage\":\"es\",\"potentialAction\":[{\"@type\":\"ReadAction\",\"target\":[\"https:\\\/\\\/www.zinpro.com\\\/news\\\/alfredo-lopez-joins-zinpro-corporation-as-corporate-controller\\\/\"]}]},{\"@type\":\"ImageObject\",\"inLanguage\":\"es\",\"@id\":\"https:\\\/\\\/www.zinpro.com\\\/news\\\/alfredo-lopez-joins-zinpro-corporation-as-corporate-controller\\\/#primaryimage\",\"url\":\"https:\\\/\\\/www.zinpro.com\\\/wp-content\\\/uploads\\\/2023\\\/06\\\/Zinpro_New-Employee_Corporate-Controller_Alfredo-Lopez_300x300.png\",\"contentUrl\":\"https:\\\/\\\/www.zinpro.com\\\/wp-content\\\/uploads\\\/2023\\\/06\\\/Zinpro_New-Employee_Corporate-Controller_Alfredo-Lopez_300x300.png\"},{\"@type\":\"BreadcrumbList\",\"@id\":\"https:\\\/\\\/www.zinpro.com\\\/news\\\/alfredo-lopez-joins-zinpro-corporation-as-corporate-controller\\\/#breadcrumb\",\"itemListElement\":[{\"@type\":\"ListItem\",\"position\":1,\"name\":\"News\",\"item\":\"https:\\\/\\\/www.zinpro.com\\\/news\\\/\"},{\"@type\":\"ListItem\",\"position\":2,\"name\":\"Alfredo Lopez Joins Zinpro Corporation as Corporate Controller\"}]},{\"@type\":\"WebSite\",\"@id\":\"https:\\\/\\\/www.zinpro.com\\\/#website\",\"url\":\"https:\\\/\\\/www.zinpro.com\\\/\",\"name\":\"Zinpro\u00ae\",\"description\":\"\",\"potentialAction\":[{\"@type\":\"SearchAction\",\"target\":{\"@type\":\"EntryPoint\",\"urlTemplate\":\"https:\\\/\\\/www.zinpro.com\\\/?s={search_term_string}\"},\"query-input\":{\"@type\":\"PropertyValueSpecification\",\"valueRequired\":true,\"valueName\":\"search_term_string\"}}],\"inLanguage\":\"es\"}]}<\/script>\n<!-- \/ Yoast SEO Premium plugin. -->","yoast_head_json":{"title":"Alfredo L\u00f3pez se une a Zinpro Corporation como Controlador Corporativo - Zinpro","robots":{"index":"index","follow":"follow","max-snippet":"max-snippet:-1","max-image-preview":"max-image-preview:large","max-video-preview":"max-video-preview:-1"},"canonical":"https:\/\/www.zinpro.com\/es_mx\/news\/alfredo-lopez-joins-zinpro-corporation-as-corporate-controller\/","og_locale":"es_MX","og_type":"article","og_title":"Alfredo Lopez Joins Zinpro Corporation as Corporate Controller","og_description":"Alfredo Lopez will lead the team supporting Zinpro\u2019s global financial health and success. He will champion innovative solutions to run the business more efficiently.  EDEN PRAIRIE, [...]","og_url":"https:\/\/www.zinpro.com\/es_mx\/news\/alfredo-lopez-joins-zinpro-corporation-as-corporate-controller\/","og_site_name":"Zinpro\u00ae","article_publisher":"https:\/\/www.facebook.com\/ZinproCorp\/","article_modified_time":"2023-06-07T21:26:17+00:00","og_image":[{"url":"https:\/\/www.zinpro.com\/wp-content\/uploads\/2023\/06\/Zinpro_New-Employee_Corporate-Controller_Alfredo-Lopez_300x300.png","type":"","width":"","height":""}],"twitter_card":"summary_large_image","twitter_site":"@wdolezal","twitter_misc":{"Tiempo de lectura":"2 minutos"},"schema":{"@context":"https:\/\/schema.org","@graph":[{"@type":"WebPage","@id":"https:\/\/www.zinpro.com\/news\/alfredo-lopez-joins-zinpro-corporation-as-corporate-controller\/","url":"https:\/\/www.zinpro.com\/news\/alfredo-lopez-joins-zinpro-corporation-as-corporate-controller\/","name":"Alfredo L\u00f3pez se une a Zinpro Corporation como Controlador Corporativo - Zinpro","isPartOf":{"@id":"https:\/\/www.zinpro.com\/#website"},"primaryImageOfPage":{"@id":"https:\/\/www.zinpro.com\/news\/alfredo-lopez-joins-zinpro-corporation-as-corporate-controller\/#primaryimage"},"image":{"@id":"https:\/\/www.zinpro.com\/news\/alfredo-lopez-joins-zinpro-corporation-as-corporate-controller\/#primaryimage"},"thumbnailUrl":"https:\/\/www.zinpro.com\/wp-content\/uploads\/2023\/06\/Zinpro_New-Employee_Corporate-Controller_Alfredo-Lopez_300x300.png","datePublished":"2021-12-16T13:00:00+00:00","dateModified":"2023-06-07T21:26:17+00:00","breadcrumb":{"@id":"https:\/\/www.zinpro.com\/news\/alfredo-lopez-joins-zinpro-corporation-as-corporate-controller\/#breadcrumb"},"inLanguage":"es","potentialAction":[{"@type":"ReadAction","target":["https:\/\/www.zinpro.com\/news\/alfredo-lopez-joins-zinpro-corporation-as-corporate-controller\/"]}]},{"@type":"ImageObject","inLanguage":"es","@id":"https:\/\/www.zinpro.com\/news\/alfredo-lopez-joins-zinpro-corporation-as-corporate-controller\/#primaryimage","url":"https:\/\/www.zinpro.com\/wp-content\/uploads\/2023\/06\/Zinpro_New-Employee_Corporate-Controller_Alfredo-Lopez_300x300.png","contentUrl":"https:\/\/www.zinpro.com\/wp-content\/uploads\/2023\/06\/Zinpro_New-Employee_Corporate-Controller_Alfredo-Lopez_300x300.png"},{"@type":"BreadcrumbList","@id":"https:\/\/www.zinpro.com\/news\/alfredo-lopez-joins-zinpro-corporation-as-corporate-controller\/#breadcrumb","itemListElement":[{"@type":"ListItem","position":1,"name":"News","item":"https:\/\/www.zinpro.com\/news\/"},{"@type":"ListItem","position":2,"name":"Alfredo Lopez Joins Zinpro Corporation as Corporate Controller"}]},{"@type":"WebSite","@id":"https:\/\/www.zinpro.com\/#website","url":"https:\/\/www.zinpro.com\/","name":"Zinpro","description":"","potentialAction":[{"@type":"SearchAction","target":{"@type":"EntryPoint","urlTemplate":"https:\/\/www.zinpro.com\/?s={search_term_string}"},"query-input":{"@type":"PropertyValueSpecification","valueRequired":true,"valueName":"search_term_string"}}],"inLanguage":"es"}]}},"spectra_custom_meta":{"_wp_page_template":["default"],"_edit_lock":["1686173351:8"],"_edit_last":["8"],"ss_social_share_disable":[""],"_yoast_wpseo_content_score":["60"],"_yoast_wpseo_estimated-reading-time-minutes":["2"],"_yoast_wpseo_wordproof_timestamp":[""],"_eb_reusable_block_ids":["a:0:{}"],"_uag_css_file_name":["uag-css-55528.css"],"_uag_page_assets":["a:9:{s:3:\"css\";s:0:\"\";s:2:\"js\";s:0:\"\";s:18:\"current_block_list\";a:14:{i:0;s:14:\"core\/paragraph\";i:1;s:12:\"core\/columns\";i:2;s:11:\"core\/column\";i:4;s:10:\"core\/image\";i:5;s:11:\"core\/search\";i:6;s:10:\"core\/group\";i:7;s:12:\"core\/heading\";i:8;s:17:\"core\/latest-posts\";i:9;s:20:\"core\/latest-comments\";i:10;s:13:\"core\/archives\";i:11;s:15:\"core\/categories\";i:12;s:17:\"core\/social-links\";i:13;s:16:\"core\/social-link\";i:14;s:11:\"core\/spacer\";}s:8:\"uag_flag\";b:0;s:11:\"uag_version\";s:10:\"1777426717\";s:6:\"gfonts\";a:0:{}s:10:\"gfonts_url\";s:0:\"\";s:12:\"gfonts_files\";a:0:{}s:14:\"uag_faq_layout\";b:0;}"]},"uagb_featured_image_src":[],"uagb_author_info":{"display_name":"Matt Wolleat","author_link":"https:\/\/www.zinpro.com\/es_mx\/resource-center\/author\/mwolleatzinpro-com\/"},"uagb_comment_info":0,"uagb_excerpt":"Alfredo Lopez will lead the team supporting Zinpro\u2019s global financial health and success. He will champion innovative solutions to run the business more efficiently. EDEN PRAIRIE, [...]","_links":{"self":[{"href":"https:\/\/www.zinpro.com\/es_mx\/wp-json\/wp\/v2\/news\/55528","targetHints":{"allow":["GET"]}}],"collection":[{"href":"https:\/\/www.zinpro.com\/es_mx\/wp-json\/wp\/v2\/news"}],"about":[{"href":"https:\/\/www.zinpro.com\/es_mx\/wp-json\/wp\/v2\/types\/news"}],"author":[{"embeddable":true,"href":"https:\/\/www.zinpro.com\/es_mx\/wp-json\/wp\/v2\/users\/8"}],"version-history":[{"count":0,"href":"https:\/\/www.zinpro.com\/es_mx\/wp-json\/wp\/v2\/news\/55528\/revisions"}],"wp:attachment":[{"href":"https:\/\/www.zinpro.com\/es_mx\/wp-json\/wp\/v2\/media?parent=55528"}],"curies":[{"name":"wp","href":"https:\/\/api.w.org\/{rel}","templated":true}]}}