

{"id":67843,"date":"2025-05-01T07:00:00","date_gmt":"2025-05-01T12:00:00","guid":{"rendered":"https:\/\/www.zinpro.com\/?post_type=news&#038;p=67843"},"modified":"2025-05-07T15:48:46","modified_gmt":"2025-05-07T20:48:46","slug":"zinpro-corporation-announces-move-to-new-global-headquarters","status":"publish","type":"news","link":"http:\/\/www.zinpro.com\/fr\/news\/zinpro-corporation-announces-move-to-new-global-headquarters\/","title":{"rendered":"Zinpro\u00ae Corporation annonce l'installation de son nouveau si\u00e8ge social dans le monde entier"},"content":{"rendered":"<p><em>Le nouvel espace favorise la collaboration et l'innovation<\/em><\/p>\n\n\n\n<p>EDEN PRAIRIE, Minnesota - 7 mai 2025 - Zinpro Corporation, leader mondial de l'innovation et de la fabrication d'oligo-\u00e9l\u00e9ments de performance et de solutions de nutrition animale, annonce le transfert de son si\u00e8ge social mondial \u00e0 Eden Prairie, Minnesota.<\/p>\n\n\n\n<p>Pour continuer \u00e0 alimenter la croissance et l'innovation, le si\u00e8ge mondial de l'entreprise a d\u00e9m\u00e9nag\u00e9 dans un espace moderne construit sur mesure \u00e0 proximit\u00e9 de son ancien emplacement \u00e0 Eden Prairie.<\/p>\n\n\n\n<p>\"Notre d\u00e9m\u00e9nagement vers le nouveau si\u00e8ge social est une \u00e9tape passionnante pour Zinpro\", a d\u00e9clar\u00e9 Rob Sheffer, pr\u00e9sident-directeur g\u00e9n\u00e9ral de Zinpro. \"La r\u00e9alisation de notre vision ambitieuse d'une meilleure sant\u00e9 et d'un plus grand bien-\u00eatre pour un monde en pleine croissance implique de travailler plus intelligemment, d'exploiter les nouvelles technologies et de continuer \u00e0 innover pour permettre \u00e0 nos clients de s'\u00e9panouir dans le monde entier.\"<\/p>\n\n\n\n<p>En s'installant \u00e0 proximit\u00e9, l'entreprise restera proche de son centre d'innovation mondial, ce qui lui permettra de continuer \u00e0 progresser et \u00e0 exceller dans le domaine de l'agriculture animale. \"En restant dans la r\u00e9gion de Minneapolis, nous restons fid\u00e8les \u00e0 nos racines, l\u00e0 o\u00f9 nos fondateurs, Dean et Mary Anderson, ont cr\u00e9\u00e9 Zinpro\", a d\u00e9clar\u00e9 M. Sheffer.<\/p>\n\n\n\n<p>Le nouveau si\u00e8ge comprend des espaces modernes et collaboratifs pour les r\u00e9unions informelles et d\u00e9contract\u00e9es des employ\u00e9s, afin d'am\u00e9liorer le mod\u00e8le hybride de Zinpro. En outre, l'espace dispose d'une technologie actualis\u00e9e pour faciliter une exp\u00e9rience client exceptionnelle avec une conf\u00e9rence multim\u00e9dia de pointe et des espaces de formation.<\/p>\n\n\n\n<p>Le bureau abrite l'\u00e9quipe de direction de l'entreprise, les services financiers, la cha\u00eene d'approvisionnement, le service client\u00e8le, le service juridique, les ressources humaines, le marketing, les technologies de l'information et la communication d'entreprise.<\/p>\n\n\n\n<p>Outre le nouveau si\u00e8ge social, Zinpro dispose \u00e9galement de 10 bureaux de vente, de six usines de fabrication et de deux centres d'innovation dans le monde entier.<\/p>","protected":false},"excerpt":{"rendered":"<p><em>New space enhances collaboration and innovation<\/em><\/p>\n<p>EDEN PRAIRIE, Minn. \u2013 May 7, 2025 \u2013 Zinpro Corporation, the world\u2019s leading innovator and manufacturer of performance trace minerals [&#8230;]<\/p>\n","protected":false},"author":8,"template":"","class_list":["post-67843","news","type-news","status-publish","hentry"],"acf":[],"yoast_head":"<!-- This site is optimized with the Yoast SEO Premium plugin v27.4 (Yoast SEO v27.4) - https:\/\/yoast.com\/product\/yoast-seo-premium-wordpress\/ -->\n<title>Zinpro\u00ae Corporation Announces Move to New Global Headquarters &#8211; Zinpro\u00ae<\/title>\n<meta name=\"robots\" content=\"index, follow, max-snippet:-1, max-image-preview:large, max-video-preview:-1\" \/>\n<link rel=\"canonical\" href=\"https:\/\/www.zinpro.com\/fr\/news\/zinpro-corporation-announces-move-to-new-global-headquarters\/\" \/>\n<meta property=\"og:locale\" content=\"fr_FR\" \/>\n<meta property=\"og:type\" content=\"article\" \/>\n<meta property=\"og:title\" content=\"Zinpro\u00ae Corporation Announces Move to New Global Headquarters\" \/>\n<meta property=\"og:description\" content=\"New space enhances collaboration and innovation  EDEN PRAIRIE, Minn. \u2013 May 7, 2025 \u2013 Zinpro Corporation, the world\u2019s leading innovator and manufacturer of performance trace minerals [...]\" \/>\n<meta property=\"og:url\" content=\"https:\/\/www.zinpro.com\/fr\/news\/zinpro-corporation-announces-move-to-new-global-headquarters\/\" \/>\n<meta property=\"og:site_name\" content=\"Zinpro\u00ae\" \/>\n<meta property=\"article:publisher\" content=\"https:\/\/www.facebook.com\/ZinproCorp\/\" \/>\n<meta property=\"article:modified_time\" content=\"2025-05-07T20:48:46+00:00\" \/>\n<meta name=\"twitter:card\" content=\"summary_large_image\" \/>\n<meta name=\"twitter:site\" content=\"@wdolezal\" \/>\n<meta name=\"twitter:label1\" content=\"Dur\u00e9e de lecture estim\u00e9e\" \/>\n\t<meta name=\"twitter:data1\" content=\"1 minute\" \/>\n<script type=\"application\/ld+json\" class=\"yoast-schema-graph\">{\"@context\":\"https:\\\/\\\/schema.org\",\"@graph\":[{\"@type\":\"WebPage\",\"@id\":\"https:\\\/\\\/www.zinpro.com\\\/news\\\/zinpro-corporation-announces-move-to-new-global-headquarters\\\/\",\"url\":\"https:\\\/\\\/www.zinpro.com\\\/news\\\/zinpro-corporation-announces-move-to-new-global-headquarters\\\/\",\"name\":\"Zinpro\u00ae Corporation Announces Move to New Global Headquarters &#8211; Zinpro\u00ae\",\"isPartOf\":{\"@id\":\"https:\\\/\\\/www.zinpro.com\\\/#website\"},\"datePublished\":\"2025-05-01T12:00:00+00:00\",\"dateModified\":\"2025-05-07T20:48:46+00:00\",\"breadcrumb\":{\"@id\":\"https:\\\/\\\/www.zinpro.com\\\/news\\\/zinpro-corporation-announces-move-to-new-global-headquarters\\\/#breadcrumb\"},\"inLanguage\":\"fr-FR\",\"potentialAction\":[{\"@type\":\"ReadAction\",\"target\":[\"https:\\\/\\\/www.zinpro.com\\\/news\\\/zinpro-corporation-announces-move-to-new-global-headquarters\\\/\"]}]},{\"@type\":\"BreadcrumbList\",\"@id\":\"https:\\\/\\\/www.zinpro.com\\\/news\\\/zinpro-corporation-announces-move-to-new-global-headquarters\\\/#breadcrumb\",\"itemListElement\":[{\"@type\":\"ListItem\",\"position\":1,\"name\":\"News\",\"item\":\"https:\\\/\\\/www.zinpro.com\\\/news\\\/\"},{\"@type\":\"ListItem\",\"position\":2,\"name\":\"Zinpro\u00ae Corporation Announces Move to New Global Headquarters\"}]},{\"@type\":\"WebSite\",\"@id\":\"https:\\\/\\\/www.zinpro.com\\\/#website\",\"url\":\"https:\\\/\\\/www.zinpro.com\\\/\",\"name\":\"Zinpro\u00ae\",\"description\":\"\",\"potentialAction\":[{\"@type\":\"SearchAction\",\"target\":{\"@type\":\"EntryPoint\",\"urlTemplate\":\"https:\\\/\\\/www.zinpro.com\\\/?s={search_term_string}\"},\"query-input\":{\"@type\":\"PropertyValueSpecification\",\"valueRequired\":true,\"valueName\":\"search_term_string\"}}],\"inLanguage\":\"fr-FR\"}]}<\/script>\n<!-- \/ Yoast SEO Premium plugin. -->","yoast_head_json":{"title":"Zinpro\u00ae Corporation annonce le d\u00e9m\u00e9nagement de son nouveau si\u00e8ge social - Zinpro\u00ae","robots":{"index":"index","follow":"follow","max-snippet":"max-snippet:-1","max-image-preview":"max-image-preview:large","max-video-preview":"max-video-preview:-1"},"canonical":"https:\/\/www.zinpro.com\/fr\/news\/zinpro-corporation-announces-move-to-new-global-headquarters\/","og_locale":"fr_FR","og_type":"article","og_title":"Zinpro\u00ae Corporation Announces Move to New Global Headquarters","og_description":"New space enhances collaboration and innovation  EDEN PRAIRIE, Minn. \u2013 May 7, 2025 \u2013 Zinpro Corporation, the world\u2019s leading innovator and manufacturer of performance trace minerals [...]","og_url":"https:\/\/www.zinpro.com\/fr\/news\/zinpro-corporation-announces-move-to-new-global-headquarters\/","og_site_name":"Zinpro\u00ae","article_publisher":"https:\/\/www.facebook.com\/ZinproCorp\/","article_modified_time":"2025-05-07T20:48:46+00:00","twitter_card":"summary_large_image","twitter_site":"@wdolezal","twitter_misc":{"Dur\u00e9e de lecture estim\u00e9e":"1 minute"},"schema":{"@context":"https:\/\/schema.org","@graph":[{"@type":"WebPage","@id":"https:\/\/www.zinpro.com\/news\/zinpro-corporation-announces-move-to-new-global-headquarters\/","url":"https:\/\/www.zinpro.com\/news\/zinpro-corporation-announces-move-to-new-global-headquarters\/","name":"Zinpro\u00ae Corporation annonce le d\u00e9m\u00e9nagement de son nouveau si\u00e8ge social - Zinpro\u00ae","isPartOf":{"@id":"https:\/\/www.zinpro.com\/#website"},"datePublished":"2025-05-01T12:00:00+00:00","dateModified":"2025-05-07T20:48:46+00:00","breadcrumb":{"@id":"https:\/\/www.zinpro.com\/news\/zinpro-corporation-announces-move-to-new-global-headquarters\/#breadcrumb"},"inLanguage":"fr-FR","potentialAction":[{"@type":"ReadAction","target":["https:\/\/www.zinpro.com\/news\/zinpro-corporation-announces-move-to-new-global-headquarters\/"]}]},{"@type":"BreadcrumbList","@id":"https:\/\/www.zinpro.com\/news\/zinpro-corporation-announces-move-to-new-global-headquarters\/#breadcrumb","itemListElement":[{"@type":"ListItem","position":1,"name":"News","item":"https:\/\/www.zinpro.com\/news\/"},{"@type":"ListItem","position":2,"name":"Zinpro\u00ae Corporation Announces Move to New Global Headquarters"}]},{"@type":"WebSite","@id":"https:\/\/www.zinpro.com\/#website","url":"https:\/\/www.zinpro.com\/","name":"Zinpro\u00ae","description":"","potentialAction":[{"@type":"SearchAction","target":{"@type":"EntryPoint","urlTemplate":"https:\/\/www.zinpro.com\/?s={search_term_string}"},"query-input":{"@type":"PropertyValueSpecification","valueRequired":true,"valueName":"search_term_string"}}],"inLanguage":"fr-FR"}]}},"spectra_custom_meta":{"_edit_lock":["1762808892:8"],"_eb_reusable_block_ids":["a:0:{}"],"_edit_last":["8"],"ss_social_share_disable":[""],"ss_ss_click_share_count_linkedin":["1"],"ss_total_share_count":["0"],"_uag_css_file_name":["uag-css-67843.css"],"_uag_page_assets":["a:9:{s:3:\"css\";s:0:\"\";s:2:\"js\";s:0:\"\";s:18:\"current_block_list\";a:12:{i:0;s:14:\"core\/paragraph\";i:1;s:11:\"core\/search\";i:2;s:10:\"core\/group\";i:3;s:12:\"core\/heading\";i:4;s:17:\"core\/latest-posts\";i:5;s:20:\"core\/latest-comments\";i:6;s:13:\"core\/archives\";i:7;s:15:\"core\/categories\";i:8;s:17:\"core\/social-links\";i:9;s:16:\"core\/social-link\";i:10;s:11:\"core\/spacer\";i:11;s:10:\"core\/image\";}s:8:\"uag_flag\";b:0;s:11:\"uag_version\";s:10:\"1777426717\";s:6:\"gfonts\";a:0:{}s:10:\"gfonts_url\";s:0:\"\";s:12:\"gfonts_files\";a:0:{}s:14:\"uag_faq_layout\";b:0;}"]},"uagb_featured_image_src":[],"uagb_author_info":{"display_name":"Matt Wolleat","author_link":"http:\/\/www.zinpro.com\/fr\/resource-center\/author\/mwolleatzinpro-com\/"},"uagb_comment_info":0,"uagb_excerpt":"New space enhances collaboration and innovation EDEN PRAIRIE, Minn. \u2013 May 7, 2025 \u2013 Zinpro Corporation, the world\u2019s leading innovator and manufacturer of performance trace minerals [...]","_links":{"self":[{"href":"http:\/\/www.zinpro.com\/fr\/wp-json\/wp\/v2\/news\/67843","targetHints":{"allow":["GET"]}}],"collection":[{"href":"http:\/\/www.zinpro.com\/fr\/wp-json\/wp\/v2\/news"}],"about":[{"href":"http:\/\/www.zinpro.com\/fr\/wp-json\/wp\/v2\/types\/news"}],"author":[{"embeddable":true,"href":"http:\/\/www.zinpro.com\/fr\/wp-json\/wp\/v2\/users\/8"}],"version-history":[{"count":0,"href":"http:\/\/www.zinpro.com\/fr\/wp-json\/wp\/v2\/news\/67843\/revisions"}],"wp:attachment":[{"href":"http:\/\/www.zinpro.com\/fr\/wp-json\/wp\/v2\/media?parent=67843"}],"curies":[{"name":"wp","href":"https:\/\/api.w.org\/{rel}","templated":true}]}}